{"id":897,"date":"2015-03-22T15:10:18","date_gmt":"2015-03-22T21:10:18","guid":{"rendered":"http:\/\/codemar.net\/podcast\/?p=897"},"modified":"2015-04-05T15:10:42","modified_gmt":"2015-04-05T21:10:42","slug":"5o-domingo-de-cuaresma-2","status":"publish","type":"post","link":"https:\/\/codemar.net\/podcast\/5o-domingo-de-cuaresma-2\/","title":{"rendered":"5\u00ba Domingo de Cuaresma"},"content":{"rendered":"<p><audio class=\"wp-audio-shortcode\" id=\"audio-897-1\" autoplay preload=\"none\" style=\"width: 100%;\" controls=\"controls\"><source type=\"audio\/ogg\" src=\"http:\/\/codemar.net\/podcast\/wp-content\/uploads\/2015\/04\/B23-5to-Domingo-de-Cuaresma.ogg?_=1\" \/><source type=\"audio\/mpeg\" src=\"http:\/\/codemar.net\/liturgico\/media\/2015-04-05_b23-5to_domingo_de_cuaresma.m4a?_=1\" \/><a href=\"http:\/\/codemar.net\/podcast\/wp-content\/uploads\/2015\/04\/B23-5to-Domingo-de-Cuaresma.ogg\">http:\/\/codemar.net\/podcast\/wp-content\/uploads\/2015\/04\/B23-5to-Domingo-de-Cuaresma.ogg<\/a><\/audio><br \/>\n<strong>Del Evangelio seg\u00fan San Juan 12, 20-33<\/strong><\/p>\n<p>Hab\u00eda unos griegos que hab\u00edan subido a Jerusal\u00e9n para adorar a Dios durante la fiesta de la Pascua. \u00c9stos se acercaron a Felipe, el de Betsaida de Galilea, y le dijeron: \u00abSe\u00f1or, queremos ver a Jes\u00fas\u00bb. Felipe fue a dec\u00edrselo a Andr\u00e9s, y ambos se lo dijeron a Jes\u00fas. \u00c9l les respondi\u00f3:<\/p>\n<p>\u00abHa llegado la hora<br \/>\nen que el Hijo del hombre va a ser glorificado.<br \/>\nLes aseguro que<br \/>\nsi el grano de trigo que caen en la tierra no muere,<br \/>\nqueda solo;<br \/>\npero si muere,<br \/>\nda mucho fruto.<br \/>\nEl que tiene apego a su vida la perder\u00e1;<br \/>\ny el que no est\u00e1 apegado a su vida en este mundo,<br \/>\nla conservar\u00e1 para la Vida eterna.<br \/>\nEl que quiera servirme<br \/>\nque me siga,<br \/>\ny donde Yo est\u00e9, estar\u00e1 tambi\u00e9n mi servidor.<br \/>\nEl que quiera servirme, ser\u00e1 honrado por mi Padre.<br \/>\nMi alma est\u00e1 ahora turbada.<br \/>\n\u00bfY qu\u00e9 dir\u00e9:<br \/>\n\u201cPadre, l\u00edbrame de esta hora?\u201d<br \/>\n\u00a1Si para eso he llegado a esta hora!<br \/>\n\u00a1Padre, glorifica tu Nombre!\u00bb<\/p>\n<p>Entonces se oy\u00f3 una voz del cielo: \u00abYa lo he glorificado y lo volver\u00e9 a glorificar\u00bb.<br \/>\nLa multitud, que estaba presente y oy\u00f3 estas palabras, pensaba que era un trueno. Otros dec\u00edan: \u00abLe ha hablado un \u00e1ngel\u00bb.<\/p>\n<p>Jes\u00fas respondi\u00f3:<br \/>\n\u00abEsta voz no se oy\u00f3 por m\u00ed, sino por ustedes.<br \/>\nAhora ha llegado el juicio de este mundo,<br \/>\nahora el Pr\u00edncipe de este mundo ser\u00e1 arrojado afuera:<br \/>\ny cuando Yo sea levantado en alto sobre la tierra,<br \/>\natraer\u00e9 a todos hacia m\u00ed\u00bb.<\/p>\n<p><strong>Palabra del Se\u00f1or.<\/strong><\/p>\n","protected":false},"excerpt":{"rendered":"<p>Del Evangelio seg\u00fan San Juan 12, 20-33 Hab\u00eda unos griegos que hab\u00edan subido a Jerusal\u00e9n para adorar a Dios durante la fiesta<span class=\"more-button\"><a href=\"https:\/\/codemar.net\/podcast\/5o-domingo-de-cuaresma-2\/\" class=\"more-link\">Continuar lectura<span class=\"screen-reader-text\">5\u00ba Domingo de Cuaresma<\/span><\/a><\/span><\/p>\n","protected":false},"author":1,"featured_media":892,"comment_status":"open","ping_status":"open","sticky":false,"template":"","format":"standard","meta":{"episode_type":"","audio_file":"http:\/\/codemar.net\/liturgico\/media\/2015-04-05_b23-5to_domingo_de_cuaresma.m4a\r\n6149800\r\naudio\/mpeg\r\n","podmotor_file_id":"","podmotor_episode_id":"","cover_image":"","cover_image_id":"","duration":"","filesize":"","filesize_raw":"","date_recorded":"","explicit":"","block":"","itunes_episode_number":"","itunes_title":"","itunes_season_number":"","itunes_episode_type":"","jetpack_post_was_ever_published":false,"_jetpack_newsletter_access":"","_jetpack_dont_email_post_to_subs":false,"_jetpack_newsletter_tier_id":0,"_jetpack_memberships_contains_paywalled_content":false,"_jetpack_memberships_contains_paid_content":false,"footnotes":"","jetpack_publicize_message":"","jetpack_publicize_feature_enabled":true,"jetpack_social_post_already_shared":false,"jetpack_social_options":{"image_generator_settings":{"template":"highway","default_image_id":0,"font":"","enabled":false},"version":2}},"categories":[1],"tags":[],"series":[84],"class_list":["post-897","post","type-post","status-publish","format-standard","has-post-thumbnail","hentry","category-dominical","series-default-podcast"],"episode_featured_image":"https:\/\/codemar.net\/podcast\/wp-content\/uploads\/2015\/04\/homilia-5-domingo-cuaresma-e1428268191548.jpg","episode_player_image":"https:\/\/i0.wp.com\/codemar.net\/podcast\/wp-content\/uploads\/2023\/04\/Evangelios-podcast-high-scaled.jpg?fit=2560%2C2560&ssl=1","download_link":"https:\/\/codemar.net\/podcast\/podcast-download\/897\/5o-domingo-de-cuaresma-2.mp3","player_link":"https:\/\/codemar.net\/podcast\/podcast-player\/897\/5o-domingo-de-cuaresma-2.mp3","audio_player":null,"episode_data":{"playerMode":"dark","subscribeUrls":{"apple_podcasts":{"key":"apple_podcasts","url":"https:\/\/podcasts.apple.com\/us\/podcast\/evangelio-diario\/id1485268840","label":"Apple Podcasts","class":"apple_podcasts","icon":"apple-podcasts.png"},"google_podcasts":{"key":"google_podcasts","url":"https:\/\/podcasts.google.com\/feed\/aHR0cHM6Ly9jb2RlbWFyLm5ldC9wb2RjYXN0L2ZlZWQvcG9kY2FzdA?sa=X&ved=0CAMQ9sEGahgKEwiA8KP5_6z-AhUAAAAAHQAAAAAQ4AE","label":"Google Podcasts","class":"google_podcasts","icon":"google-podcasts.png"},"spotify":{"key":"spotify","url":"https:\/\/open.spotify.com\/show\/1Q3Se9DdIlpbuLPkkftN9w","label":"Spotify","class":"spotify","icon":"spotify.png"}},"rssFeedUrl":"https:\/\/codemar.net\/podcast\/feed\/podcast\/default-podcast","embedCode":"<blockquote class=\"wp-embedded-content\" data-secret=\"0yKegx7fGE\"><a href=\"https:\/\/codemar.net\/podcast\/5o-domingo-de-cuaresma-2\/\">5\u00ba Domingo de Cuaresma<\/a><\/blockquote><iframe sandbox=\"allow-scripts\" security=\"restricted\" src=\"https:\/\/codemar.net\/podcast\/5o-domingo-de-cuaresma-2\/embed\/#?secret=0yKegx7fGE\" width=\"500\" height=\"350\" title=\"&#8220;5\u00ba Domingo de Cuaresma&#8221; &#8212; Centro Cultural Coraz\u00f3n de Mar\u00eda\" data-secret=\"0yKegx7fGE\" frameborder=\"0\" marginwidth=\"0\" marginheight=\"0\" scrolling=\"no\" class=\"wp-embedded-content\"><\/iframe><script type=\"text\/javascript\">\n\/* <![CDATA[ *\/\n\/*! This file is auto-generated *\/\n!function(d,l){\"use strict\";l.querySelector&&d.addEventListener&&\"undefined\"!=typeof URL&&(d.wp=d.wp||{},d.wp.receiveEmbedMessage||(d.wp.receiveEmbedMessage=function(e){var t=e.data;if((t||t.secret||t.message||t.value)&&!\/[^a-zA-Z0-9]\/.test(t.secret)){for(var s,r,n,a=l.querySelectorAll('iframe[data-secret=\"'+t.secret+'\"]'),o=l.querySelectorAll('blockquote[data-secret=\"'+t.secret+'\"]'),c=new RegExp(\"^https?:$\",\"i\"),i=0;i<o.length;i++)o[i].style.display=\"none\";for(i=0;i<a.length;i++)s=a[i],e.source===s.contentWindow&&(s.removeAttribute(\"style\"),\"height\"===t.message?(1e3<(r=parseInt(t.value,10))?r=1e3:~~r<200&&(r=200),s.height=r):\"link\"===t.message&&(r=new URL(s.getAttribute(\"src\")),n=new URL(t.value),c.test(n.protocol))&&n.host===r.host&&l.activeElement===s&&(d.top.location.href=t.value))}},d.addEventListener(\"message\",d.wp.receiveEmbedMessage,!1),l.addEventListener(\"DOMContentLoaded\",function(){for(var e,t,s=l.querySelectorAll(\"iframe.wp-embedded-content\"),r=0;r<s.length;r++)(t=(e=s[r]).getAttribute(\"data-secret\"))||(t=Math.random().toString(36).substring(2,12),e.src+=\"#?secret=\"+t,e.setAttribute(\"data-secret\",t)),e.contentWindow.postMessage({message:\"ready\",secret:t},\"*\")},!1)))}(window,document);\n\/\/# sourceURL=https:\/\/codemar.net\/podcast\/wp-includes\/js\/wp-embed.min.js\n\/* ]]> *\/\n<\/script>\n"},"jetpack_publicize_connections":[],"jetpack_featured_media_url":"https:\/\/i0.wp.com\/codemar.net\/podcast\/wp-content\/uploads\/2015\/04\/homilia-5-domingo-cuaresma-e1428268191548.jpg?fit=646%2C387&ssl=1","jetpack_shortlink":"https:\/\/wp.me\/p4bNxE-et","jetpack_sharing_enabled":true,"_links":{"self":[{"href":"https:\/\/codemar.net\/podcast\/wp-json\/wp\/v2\/posts\/897","targetHints":{"allow":["GET"]}}],"collection":[{"href":"https:\/\/codemar.net\/podcast\/wp-json\/wp\/v2\/posts"}],"about":[{"href":"https:\/\/codemar.net\/podcast\/wp-json\/wp\/v2\/types\/post"}],"author":[{"embeddable":true,"href":"https:\/\/codemar.net\/podcast\/wp-json\/wp\/v2\/users\/1"}],"replies":[{"embeddable":true,"href":"https:\/\/codemar.net\/podcast\/wp-json\/wp\/v2\/comments?post=897"}],"version-history":[{"count":1,"href":"https:\/\/codemar.net\/podcast\/wp-json\/wp\/v2\/posts\/897\/revisions"}],"predecessor-version":[{"id":898,"href":"https:\/\/codemar.net\/podcast\/wp-json\/wp\/v2\/posts\/897\/revisions\/898"}],"wp:featuredmedia":[{"embeddable":true,"href":"https:\/\/codemar.net\/podcast\/wp-json\/wp\/v2\/media\/892"}],"wp:attachment":[{"href":"https:\/\/codemar.net\/podcast\/wp-json\/wp\/v2\/media?parent=897"}],"wp:term":[{"taxonomy":"category","embeddable":true,"href":"https:\/\/codemar.net\/podcast\/wp-json\/wp\/v2\/categories?post=897"},{"taxonomy":"post_tag","embeddable":true,"href":"https:\/\/codemar.net\/podcast\/wp-json\/wp\/v2\/tags?post=897"},{"taxonomy":"series","embeddable":true,"href":"https:\/\/codemar.net\/podcast\/wp-json\/wp\/v2\/series?post=897"}],"curies":[{"name":"wp","href":"https:\/\/api.w.org\/{rel}","templated":true}]}}