{"id":871,"date":"2015-03-07T15:57:14","date_gmt":"2015-03-07T21:57:14","guid":{"rendered":"http:\/\/codemar.net\/podcast\/?p=871"},"modified":"2015-03-07T15:57:37","modified_gmt":"2015-03-07T21:57:37","slug":"3o-domingo-de-cuaresma","status":"publish","type":"post","link":"https:\/\/codemar.net\/podcast\/3o-domingo-de-cuaresma\/","title":{"rendered":"3\u00ba Domingo de Cuaresma"},"content":{"rendered":"<p><audio class=\"wp-audio-shortcode\" id=\"audio-871-1\" autoplay preload=\"none\" style=\"width: 100%;\" controls=\"controls\"><source type=\"audio\/ogg\" src=\"http:\/\/codemar.net\/podcast\/wp-content\/uploads\/2015\/03\/B20-3er-Domingo-de-Cuaresma.ogg?_=1\" \/><source type=\"audio\/mpeg\" src=\"http:\/\/codemar.net\/liturgico\/media\/2015-03-07_b20-3er_domingo_de_cuaresma.m4a?_=1\" \/><a href=\"http:\/\/codemar.net\/podcast\/wp-content\/uploads\/2015\/03\/B20-3er-Domingo-de-Cuaresma.ogg\">http:\/\/codemar.net\/podcast\/wp-content\/uploads\/2015\/03\/B20-3er-Domingo-de-Cuaresma.ogg<\/a><\/audio><br \/>\n<strong>Del Evangelio seg\u00fan San Juan 2, 13-25.<\/strong><\/p>\n<p>Se acercaba la Pascua de los jud\u00edos. Jes\u00fas subi\u00f3 a Jerusal\u00e9n y encontr\u00f3 en el Templo a los vendedores de bueyes, ovejas y palomas y a los cambistas sentados delante de sus mesas. Hizo un l\u00e1tigo de cuerdas y los ech\u00f3 a todos del Templo, junto con sus ovejas y sus bueyes; desparram\u00f3 las monedas de los cambistas, derrib\u00f3 sus mesas y dijo a los vendedores de palomas: \u00abSaquen esto de aqu\u00ed y no hagan de la casa de mi Padre una casa de comercio.\u00bb<\/p>\n<p>Y sus disc\u00edpulos recordaron las palabras de la Escritura:<\/p>\n<p>\u00abEl celo por tu Casa me consumir\u00e1\u00bb.<\/p>\n<p>Entonces los jud\u00edos le preguntaron: \u00ab\u00bfQu\u00e9 signo nos das para obrar as\u00ed?\u00bb<\/p>\n<p>Jes\u00fas les respondi\u00f3: \u00abDestruyan este templo y en tres d\u00edas lo volver\u00e9 a levantar.\u00bb<\/p>\n<p>Los jud\u00edos le dijeron: \u00abHan sido necesarios cuarenta y seis a\u00f1os para construir este Templo, \u00bfy T\u00fa lo vas a levantar en tres d\u00edas?\u00bb<\/p>\n<p>Pero \u00c9l se refer\u00eda al templo de su cuerpo.<\/p>\n<p>Por eso, cuando Jes\u00fas resucit\u00f3, sus disc\u00edpulos recordaron que \u00c9l hab\u00eda dicho esto, y creyeron en la Escritura y en la palabra que hab\u00eda pronunciado.<\/p>\n<p>Mientras estaba en Jerusal\u00e9n, durante la fiesta de la Pascua, muchos creyeron en su Nombre al ver los signos que realizaba. Pero Jes\u00fas no se fiaba de ellos, porque los conoc\u00eda a todos y no necesitaba que lo informaran acerca de nadie: \u00c9l sab\u00eda lo que hay en el interior del hombre.<\/p>\n<p><strong>\u00a0<\/strong><\/p>\n<p><strong>Palabra del Se\u00f1or.<\/strong><\/p>\n","protected":false},"excerpt":{"rendered":"<p>Del Evangelio seg\u00fan San Juan 2, 13-25. Se acercaba la Pascua de los jud\u00edos. Jes\u00fas subi\u00f3 a Jerusal\u00e9n y encontr\u00f3 en el<span class=\"more-button\"><a href=\"https:\/\/codemar.net\/podcast\/3o-domingo-de-cuaresma\/\" class=\"more-link\">Continuar lectura<span class=\"screen-reader-text\">3\u00ba Domingo de Cuaresma<\/span><\/a><\/span><\/p>\n","protected":false},"author":1,"featured_media":872,"comment_status":"open","ping_status":"open","sticky":false,"template":"","format":"standard","meta":{"episode_type":"","audio_file":"http:\/\/codemar.net\/liturgico\/media\/2015-03-07_b20-3er_domingo_de_cuaresma.m4a\r\n6483115\r\naudio\/mpeg\r\n","podmotor_file_id":"","podmotor_episode_id":"","cover_image":"","cover_image_id":"","duration":"","filesize":"","filesize_raw":"","date_recorded":"","explicit":"","block":"","itunes_episode_number":"","itunes_title":"","itunes_season_number":"","itunes_episode_type":"","jetpack_post_was_ever_published":false,"_jetpack_newsletter_access":"","_jetpack_dont_email_post_to_subs":false,"_jetpack_newsletter_tier_id":0,"_jetpack_memberships_contains_paywalled_content":false,"_jetpack_memberships_contains_paid_content":false,"footnotes":"","jetpack_publicize_message":"","jetpack_publicize_feature_enabled":true,"jetpack_social_post_already_shared":false,"jetpack_social_options":{"image_generator_settings":{"template":"highway","default_image_id":0,"font":"","enabled":false},"version":2}},"categories":[1],"tags":[],"series":[84],"class_list":["post-871","post","type-post","status-publish","format-standard","has-post-thumbnail","hentry","category-dominical","series-default-podcast"],"episode_featured_image":"https:\/\/codemar.net\/podcast\/wp-content\/uploads\/2015\/03\/Jesus_echa_a_los_mercaderes_del_templo-e1425765404965.jpg","episode_player_image":"https:\/\/i0.wp.com\/codemar.net\/podcast\/wp-content\/uploads\/2023\/04\/Evangelios-podcast-high-scaled.jpg?fit=2560%2C2560&ssl=1","download_link":"https:\/\/codemar.net\/podcast\/podcast-download\/871\/3o-domingo-de-cuaresma.mp3","player_link":"https:\/\/codemar.net\/podcast\/podcast-player\/871\/3o-domingo-de-cuaresma.mp3","audio_player":null,"episode_data":{"playerMode":"dark","subscribeUrls":{"apple_podcasts":{"key":"apple_podcasts","url":"https:\/\/podcasts.apple.com\/us\/podcast\/evangelio-diario\/id1485268840","label":"Apple Podcasts","class":"apple_podcasts","icon":"apple-podcasts.png"},"google_podcasts":{"key":"google_podcasts","url":"https:\/\/podcasts.google.com\/feed\/aHR0cHM6Ly9jb2RlbWFyLm5ldC9wb2RjYXN0L2ZlZWQvcG9kY2FzdA?sa=X&ved=0CAMQ9sEGahgKEwiA8KP5_6z-AhUAAAAAHQAAAAAQ4AE","label":"Google Podcasts","class":"google_podcasts","icon":"google-podcasts.png"},"spotify":{"key":"spotify","url":"https:\/\/open.spotify.com\/show\/1Q3Se9DdIlpbuLPkkftN9w","label":"Spotify","class":"spotify","icon":"spotify.png"}},"rssFeedUrl":"https:\/\/codemar.net\/podcast\/feed\/podcast\/default-podcast","embedCode":"<blockquote class=\"wp-embedded-content\" data-secret=\"jeAc6X11Bk\"><a href=\"https:\/\/codemar.net\/podcast\/3o-domingo-de-cuaresma\/\">3\u00ba Domingo de Cuaresma<\/a><\/blockquote><iframe sandbox=\"allow-scripts\" security=\"restricted\" src=\"https:\/\/codemar.net\/podcast\/3o-domingo-de-cuaresma\/embed\/#?secret=jeAc6X11Bk\" width=\"500\" height=\"350\" title=\"&#8220;3\u00ba Domingo de Cuaresma&#8221; &#8212; Centro Cultural Coraz\u00f3n de Mar\u00eda\" data-secret=\"jeAc6X11Bk\" frameborder=\"0\" marginwidth=\"0\" marginheight=\"0\" scrolling=\"no\" class=\"wp-embedded-content\"><\/iframe><script type=\"text\/javascript\">\n\/* <![CDATA[ *\/\n\/*! This file is auto-generated *\/\n!function(d,l){\"use strict\";l.querySelector&&d.addEventListener&&\"undefined\"!=typeof URL&&(d.wp=d.wp||{},d.wp.receiveEmbedMessage||(d.wp.receiveEmbedMessage=function(e){var t=e.data;if((t||t.secret||t.message||t.value)&&!\/[^a-zA-Z0-9]\/.test(t.secret)){for(var s,r,n,a=l.querySelectorAll('iframe[data-secret=\"'+t.secret+'\"]'),o=l.querySelectorAll('blockquote[data-secret=\"'+t.secret+'\"]'),c=new RegExp(\"^https?:$\",\"i\"),i=0;i<o.length;i++)o[i].style.display=\"none\";for(i=0;i<a.length;i++)s=a[i],e.source===s.contentWindow&&(s.removeAttribute(\"style\"),\"height\"===t.message?(1e3<(r=parseInt(t.value,10))?r=1e3:~~r<200&&(r=200),s.height=r):\"link\"===t.message&&(r=new URL(s.getAttribute(\"src\")),n=new URL(t.value),c.test(n.protocol))&&n.host===r.host&&l.activeElement===s&&(d.top.location.href=t.value))}},d.addEventListener(\"message\",d.wp.receiveEmbedMessage,!1),l.addEventListener(\"DOMContentLoaded\",function(){for(var e,t,s=l.querySelectorAll(\"iframe.wp-embedded-content\"),r=0;r<s.length;r++)(t=(e=s[r]).getAttribute(\"data-secret\"))||(t=Math.random().toString(36).substring(2,12),e.src+=\"#?secret=\"+t,e.setAttribute(\"data-secret\",t)),e.contentWindow.postMessage({message:\"ready\",secret:t},\"*\")},!1)))}(window,document);\n\/\/# sourceURL=https:\/\/codemar.net\/podcast\/wp-includes\/js\/wp-embed.min.js\n\/* ]]> *\/\n<\/script>\n"},"jetpack_publicize_connections":[],"jetpack_featured_media_url":"https:\/\/i0.wp.com\/codemar.net\/podcast\/wp-content\/uploads\/2015\/03\/Jesus_echa_a_los_mercaderes_del_templo-e1425765404965.jpg?fit=443%2C283&ssl=1","jetpack_shortlink":"https:\/\/wp.me\/p4bNxE-e3","jetpack_sharing_enabled":true,"_links":{"self":[{"href":"https:\/\/codemar.net\/podcast\/wp-json\/wp\/v2\/posts\/871","targetHints":{"allow":["GET"]}}],"collection":[{"href":"https:\/\/codemar.net\/podcast\/wp-json\/wp\/v2\/posts"}],"about":[{"href":"https:\/\/codemar.net\/podcast\/wp-json\/wp\/v2\/types\/post"}],"author":[{"embeddable":true,"href":"https:\/\/codemar.net\/podcast\/wp-json\/wp\/v2\/users\/1"}],"replies":[{"embeddable":true,"href":"https:\/\/codemar.net\/podcast\/wp-json\/wp\/v2\/comments?post=871"}],"version-history":[{"count":1,"href":"https:\/\/codemar.net\/podcast\/wp-json\/wp\/v2\/posts\/871\/revisions"}],"predecessor-version":[{"id":873,"href":"https:\/\/codemar.net\/podcast\/wp-json\/wp\/v2\/posts\/871\/revisions\/873"}],"wp:featuredmedia":[{"embeddable":true,"href":"https:\/\/codemar.net\/podcast\/wp-json\/wp\/v2\/media\/872"}],"wp:attachment":[{"href":"https:\/\/codemar.net\/podcast\/wp-json\/wp\/v2\/media?parent=871"}],"wp:term":[{"taxonomy":"category","embeddable":true,"href":"https:\/\/codemar.net\/podcast\/wp-json\/wp\/v2\/categories?post=871"},{"taxonomy":"post_tag","embeddable":true,"href":"https:\/\/codemar.net\/podcast\/wp-json\/wp\/v2\/tags?post=871"},{"taxonomy":"series","embeddable":true,"href":"https:\/\/codemar.net\/podcast\/wp-json\/wp\/v2\/series?post=871"}],"curies":[{"name":"wp","href":"https:\/\/api.w.org\/{rel}","templated":true}]}}