{"id":791,"date":"2014-12-14T09:49:28","date_gmt":"2014-12-14T15:49:28","guid":{"rendered":"http:\/\/codemar.net\/podcast\/?p=791"},"modified":"2014-12-14T09:49:28","modified_gmt":"2014-12-14T15:49:28","slug":"3o-domingo-de-adviento","status":"publish","type":"post","link":"https:\/\/codemar.net\/podcast\/3o-domingo-de-adviento\/","title":{"rendered":"3\u00ba Domingo de Adviento"},"content":{"rendered":"<p><audio class=\"wp-audio-shortcode\" id=\"audio-791-1\" autoplay preload=\"none\" style=\"width: 100%;\" controls=\"controls\"><source type=\"audio\/ogg\" src=\"http:\/\/codemar.net\/podcast\/wp-content\/uploads\/2014\/12\/B04-3er-Domingo-de-Adviento.ogg?_=1\" \/><source type=\"audio\/mpeg\" src=\"http:\/\/codemar.net\/liturgico\/media\/2014-12-14_b04-3er_domingo_de_adviento.m4a?_=1\" \/><a href=\"http:\/\/codemar.net\/podcast\/wp-content\/uploads\/2014\/12\/B04-3er-Domingo-de-Adviento.ogg\">http:\/\/codemar.net\/podcast\/wp-content\/uploads\/2014\/12\/B04-3er-Domingo-de-Adviento.ogg<\/a><\/audio><br \/>\n<strong>Del Evangelio seg\u00fan San Juan 1, 6-8. 19-28<\/strong><\/p>\n<p>Apareci\u00f3 un hombre enviado por Dios,<br \/>\nque se llamaba Juan.<br \/>\nVino como testigo,<br \/>\npara dar testimonio de la luz,<br \/>\npara que todos creyeran por medio de \u00e9l.<br \/>\n\u00c9l no era la luz, sino el testigo de la luz.<\/p>\n<p>\u00c9ste es el testimonio que dio Juan, cuando los jud\u00edos enviaron sacerdotes y levitas desde Jerusal\u00e9n, para preguntarle:<\/p>\n<p>\u00ab\u00bfQui\u00e9n eres t\u00fa?\u00bb<br \/>\n\u00c9l confes\u00f3 y no lo ocult\u00f3, sino que dijo claramente:<br \/>\n\u00abYo no soy el Mes\u00edas\u00bb.<br \/>\n\u00ab\u00bfQui\u00e9n eres, entonces?\u00bb, le preguntaron: \u00ab\u00bfEres Ellas?\u00bb<br \/>\nJuan dijo: \u00abNo\u00bb.<br \/>\n\u00ab\u00bfEres el Profeta?\u00bb<br \/>\n\u00abTampoco\u00bb, respondi\u00f3.<br \/>\nEllos insistieron:<br \/>\n\u00ab\u00bfQui\u00e9n eres, para que podamos dar una respuesta a los que nos han enviado? \u00bfQu\u00e9 dices de ti mismo?\u00bb<br \/>\nY \u00e9l les dijo:<br \/>\n\u00abYo soy una voz que grita en el desierto:<br \/>\nAllanen el camino del Se\u00f1or,<br \/>\ncomo dijo el profeta Isa\u00edas\u00bb.<br \/>\nAlgunos de los enviados eran fariseos, y volvieron a preguntarle: \u00ab\u00bfPor qu\u00e9 bautizas, entonces, si t\u00fa no eres el Mes\u00edas, ni Ellas, ni el Profeta?\u00bb<br \/>\nJuan respondi\u00f3:<br \/>\n\u00ab Yo bautizo con agua, pero en medio de ustedes hay alguien al que ustedes no conocen: \u00c9l viene despu\u00e9s de m\u00ed, y yo no soy digno de desatar la correa de su sandalia\u00bb.<br \/>\nTodo esto sucedi\u00f3 en Betania, al otro lado del Jord\u00e1n, donde Juan bautizaba.<\/p>\n<p><strong>Palabra del Se\u00f1or.<\/strong><\/p>\n","protected":false},"excerpt":{"rendered":"<p>Del Evangelio seg\u00fan San Juan 1, 6-8. 19-28 Apareci\u00f3 un hombre enviado por Dios, que se llamaba Juan. Vino como testigo, para<span class=\"more-button\"><a href=\"https:\/\/codemar.net\/podcast\/3o-domingo-de-adviento\/\" class=\"more-link\">Continuar lectura<span class=\"screen-reader-text\">3\u00ba Domingo de Adviento<\/span><\/a><\/span><\/p>\n","protected":false},"author":1,"featured_media":793,"comment_status":"open","ping_status":"open","sticky":false,"template":"","format":"standard","meta":{"episode_type":"","audio_file":"http:\/\/codemar.net\/liturgico\/media\/2014-12-14_b04-3er_domingo_de_adviento.m4a\n6545492\naudio\/mpeg\n","podmotor_file_id":"","podmotor_episode_id":"","cover_image":"","cover_image_id":"","duration":"","filesize":"","filesize_raw":"","date_recorded":"","explicit":"","block":"","itunes_episode_number":"","itunes_title":"","itunes_season_number":"","itunes_episode_type":"","jetpack_post_was_ever_published":false,"_jetpack_newsletter_access":"","_jetpack_dont_email_post_to_subs":false,"_jetpack_newsletter_tier_id":0,"_jetpack_memberships_contains_paywalled_content":false,"_jetpack_memberships_contains_paid_content":false,"footnotes":"","jetpack_publicize_message":"","jetpack_publicize_feature_enabled":true,"jetpack_social_post_already_shared":false,"jetpack_social_options":{"image_generator_settings":{"template":"highway","default_image_id":0,"font":"","enabled":false},"version":2}},"categories":[1],"tags":[],"series":[84],"class_list":["post-791","post","type-post","status-publish","format-standard","has-post-thumbnail","hentry","category-dominical","series-default-podcast"],"episode_featured_image":"https:\/\/codemar.net\/podcast\/wp-content\/uploads\/2014\/12\/San_Giovanni_della_Croce_K-e1418571868954.jpg","episode_player_image":"https:\/\/i0.wp.com\/codemar.net\/podcast\/wp-content\/uploads\/2023\/04\/Evangelios-podcast-high-scaled.jpg?fit=2560%2C2560&ssl=1","download_link":"https:\/\/codemar.net\/podcast\/podcast-download\/791\/3o-domingo-de-adviento.mp3","player_link":"https:\/\/codemar.net\/podcast\/podcast-player\/791\/3o-domingo-de-adviento.mp3","audio_player":null,"episode_data":{"playerMode":"dark","subscribeUrls":{"apple_podcasts":{"key":"apple_podcasts","url":"https:\/\/podcasts.apple.com\/us\/podcast\/evangelio-diario\/id1485268840","label":"Apple Podcasts","class":"apple_podcasts","icon":"apple-podcasts.png"},"google_podcasts":{"key":"google_podcasts","url":"https:\/\/podcasts.google.com\/feed\/aHR0cHM6Ly9jb2RlbWFyLm5ldC9wb2RjYXN0L2ZlZWQvcG9kY2FzdA?sa=X&ved=0CAMQ9sEGahgKEwiA8KP5_6z-AhUAAAAAHQAAAAAQ4AE","label":"Google Podcasts","class":"google_podcasts","icon":"google-podcasts.png"},"spotify":{"key":"spotify","url":"https:\/\/open.spotify.com\/show\/1Q3Se9DdIlpbuLPkkftN9w","label":"Spotify","class":"spotify","icon":"spotify.png"}},"rssFeedUrl":"https:\/\/codemar.net\/podcast\/feed\/podcast\/default-podcast","embedCode":"<blockquote class=\"wp-embedded-content\" data-secret=\"XJrMTVyA1Q\"><a href=\"https:\/\/codemar.net\/podcast\/3o-domingo-de-adviento\/\">3\u00ba Domingo de Adviento<\/a><\/blockquote><iframe sandbox=\"allow-scripts\" security=\"restricted\" src=\"https:\/\/codemar.net\/podcast\/3o-domingo-de-adviento\/embed\/#?secret=XJrMTVyA1Q\" width=\"500\" height=\"350\" title=\"&#8220;3\u00ba Domingo de Adviento&#8221; &#8212; Centro Cultural Coraz\u00f3n de Mar\u00eda\" data-secret=\"XJrMTVyA1Q\" frameborder=\"0\" marginwidth=\"0\" marginheight=\"0\" scrolling=\"no\" class=\"wp-embedded-content\"><\/iframe><script type=\"text\/javascript\">\n\/* <![CDATA[ *\/\n\/*! This file is auto-generated *\/\n!function(d,l){\"use strict\";l.querySelector&&d.addEventListener&&\"undefined\"!=typeof URL&&(d.wp=d.wp||{},d.wp.receiveEmbedMessage||(d.wp.receiveEmbedMessage=function(e){var t=e.data;if((t||t.secret||t.message||t.value)&&!\/[^a-zA-Z0-9]\/.test(t.secret)){for(var s,r,n,a=l.querySelectorAll('iframe[data-secret=\"'+t.secret+'\"]'),o=l.querySelectorAll('blockquote[data-secret=\"'+t.secret+'\"]'),c=new RegExp(\"^https?:$\",\"i\"),i=0;i<o.length;i++)o[i].style.display=\"none\";for(i=0;i<a.length;i++)s=a[i],e.source===s.contentWindow&&(s.removeAttribute(\"style\"),\"height\"===t.message?(1e3<(r=parseInt(t.value,10))?r=1e3:~~r<200&&(r=200),s.height=r):\"link\"===t.message&&(r=new URL(s.getAttribute(\"src\")),n=new URL(t.value),c.test(n.protocol))&&n.host===r.host&&l.activeElement===s&&(d.top.location.href=t.value))}},d.addEventListener(\"message\",d.wp.receiveEmbedMessage,!1),l.addEventListener(\"DOMContentLoaded\",function(){for(var e,t,s=l.querySelectorAll(\"iframe.wp-embedded-content\"),r=0;r<s.length;r++)(t=(e=s[r]).getAttribute(\"data-secret\"))||(t=Math.random().toString(36).substring(2,12),e.src+=\"#?secret=\"+t,e.setAttribute(\"data-secret\",t)),e.contentWindow.postMessage({message:\"ready\",secret:t},\"*\")},!1)))}(window,document);\n\/\/# sourceURL=https:\/\/codemar.net\/podcast\/wp-includes\/js\/wp-embed.min.js\n\/* ]]> *\/\n<\/script>\n"},"jetpack_publicize_connections":[],"jetpack_featured_media_url":"https:\/\/i0.wp.com\/codemar.net\/podcast\/wp-content\/uploads\/2014\/12\/San_Giovanni_della_Croce_K-e1418571868954.jpg?fit=490%2C324&ssl=1","jetpack_shortlink":"https:\/\/wp.me\/p4bNxE-cL","jetpack_sharing_enabled":true,"_links":{"self":[{"href":"https:\/\/codemar.net\/podcast\/wp-json\/wp\/v2\/posts\/791","targetHints":{"allow":["GET"]}}],"collection":[{"href":"https:\/\/codemar.net\/podcast\/wp-json\/wp\/v2\/posts"}],"about":[{"href":"https:\/\/codemar.net\/podcast\/wp-json\/wp\/v2\/types\/post"}],"author":[{"embeddable":true,"href":"https:\/\/codemar.net\/podcast\/wp-json\/wp\/v2\/users\/1"}],"replies":[{"embeddable":true,"href":"https:\/\/codemar.net\/podcast\/wp-json\/wp\/v2\/comments?post=791"}],"version-history":[{"count":3,"href":"https:\/\/codemar.net\/podcast\/wp-json\/wp\/v2\/posts\/791\/revisions"}],"predecessor-version":[{"id":796,"href":"https:\/\/codemar.net\/podcast\/wp-json\/wp\/v2\/posts\/791\/revisions\/796"}],"wp:featuredmedia":[{"embeddable":true,"href":"https:\/\/codemar.net\/podcast\/wp-json\/wp\/v2\/media\/793"}],"wp:attachment":[{"href":"https:\/\/codemar.net\/podcast\/wp-json\/wp\/v2\/media?parent=791"}],"wp:term":[{"taxonomy":"category","embeddable":true,"href":"https:\/\/codemar.net\/podcast\/wp-json\/wp\/v2\/categories?post=791"},{"taxonomy":"post_tag","embeddable":true,"href":"https:\/\/codemar.net\/podcast\/wp-json\/wp\/v2\/tags?post=791"},{"taxonomy":"series","embeddable":true,"href":"https:\/\/codemar.net\/podcast\/wp-json\/wp\/v2\/series?post=791"}],"curies":[{"name":"wp","href":"https:\/\/api.w.org\/{rel}","templated":true}]}}