{"id":2369,"date":"2018-06-13T03:00:00","date_gmt":"2018-06-13T09:00:00","guid":{"rendered":"http:\/\/codemar.net\/podcast\/?p=2369"},"modified":"2018-06-13T03:00:00","modified_gmt":"2018-06-13T09:00:00","slug":"lectura-misa-del-dia-miercoles-junio-13-2018","status":"publish","type":"post","link":"https:\/\/codemar.net\/podcast\/lectura-misa-del-dia-miercoles-junio-13-2018\/","title":{"rendered":"Lectura Misa del Dia Mi\u00e9rcoles Junio 13 2018"},"content":{"rendered":"<p><!--\n.style1 {\n\tcolor: #009900;\n\tfont-style: italic;\n}\n--><\/p>\n<h3>Mi&eacute;rcoles de la X semana del Tiempo ordinario<\/h3>\n<p><strong>Reyes: 18, 20-39<\/strong><\/p>\n<p class=\"style1\">Que todo el pueblo sepa que t&uacute;, Se&ntilde;or, eres el Dios verdadero, que puede cambiar sus corazones.<\/p>\n<p align=\"justify\">En aquellos d&iacute;as, el rey Ajab envi&oacute; mensajeros a todo Israel y reuni&oacute; a los profetas de Baal en el monte Carmelo. El&iacute;as se acerc&oacute; al pueblo y le dijo: &quot;&iquest;Hasta cu&aacute;ndo van a andar indecisos? Si el Se&ntilde;or es el verdadero Dios, s&iacute;ganlo; y si lo es Baal, sigan a Baal&quot;.<\/p>\n<p align=\"justify\">  Pero el pueblo no supo qu&eacute; responderle. Entonces El&iacute;as les dijo: &quot;Yo soy el &uacute;nico sobreviviente de los profetas del Se&ntilde;or; en cambio, los profetas de Baal son cuatrocientos cincuenta. Que nos den dos novillos; que ellos escojan uno, que lo descuarticen y lo pongan sobre la le&ntilde;a sin prenderle fuego. Yo preparar&eacute; el otro novillo y lo pondr&eacute; sobre la le&ntilde;a sin prenderle fuego. Ustedes invocar&aacute;n a su dios y yo invocar&eacute; al Se&ntilde;or; y el Dios que responda enviando fuego, &eacute;se es el verdadero Dios&quot;.<\/p>\n<p align=\"justify\">  Todo el pueblo respondi&oacute;: &quot;Est&aacute; bien&quot;. El&iacute;as dijo entonces a los profetas de Baal: &quot;Escojan un novillo y comiencen ustedes primero, pues son m&aacute;s numerosos. Invoquen a su dios, pero sin prender fuego&quot;. Ellos tomaron el novillo que les dieron, lo prepararon e invocaron a Baal desde la ma&ntilde;ana hasta el mediod&iacute;a, diciendo: &quot;Baal, resp&oacute;ndenos&quot;. Pero no se oy&oacute; ninguna respuesta, y ellos segu&iacute;an danzando y brincando junto al altar que hab&iacute;an hecho. Llegado el medio d&iacute;a, El&iacute;as comenz&oacute; a re&iacute;rse de ellos, dici&eacute;ndoles: &quot;Griten m&aacute;s fuerte, porque a lo mejor Baal, su dios, est&aacute; muy entretenido conversando o tiene alg&uacute;n negocio o est&aacute; de viaje. A lo mejor est&aacute; dormido y as&iacute; lo despiertan&quot;.<\/p>\n<p align=\"justify\">  Ellos gritaron m&aacute;s fuerte y empezaron a sangrarse, seg&uacute;n su costumbre, con cuchillos y punzones, hasta que la sangre les chorreaba por todo el cuerpo. Cuando pas&oacute; el mediod&iacute;a, se pusieron en trance hasta la hora de la ofrenda, pero no se escuch&oacute; respuesta alguna ni hubo nadie que atendiera sus ruegos. Entonces El&iacute;as le dijo al pueblo: &quot;Ac&eacute;rquense a m&iacute;&quot;. Y todo el pueblo se le acerc&oacute;. Prepar&oacute; el altar del Se&ntilde;or, que hab&iacute;a sido demolido. Tom&oacute; doce piedras, seg&uacute;n el n&uacute;mero de las tribus de los hijos de Jacob (a quien el Se&ntilde;or hab&iacute;a dicho: T&uacute; te llamar&aacute;s Israel). Con las piedras levant&oacute; un altar en honor del Se&ntilde;or e hizo alrededor del altar una zanja, del ancho de un surco. Acomod&oacute; la le&ntilde;a, descuartiz&oacute; el novillo y lo puso sobre la le&ntilde;a. Despu&eacute;s dijo: &quot;Llenen cuatro c&aacute;ntaros de agua y derr&aacute;menla sobre el holocausto y sobre la le&ntilde;a&quot;. Y lo hicieron as&iacute;. Volvi&oacute; a decirles: &quot;H&aacute;ganlo otra vez&quot;. Y lo repitieron. De nuevo les dijo: &quot;H&aacute;ganlo por tercera vez&quot;. Y as&iacute; lo hicieron. El agua corri&oacute; alrededor del altar y llen&oacute; la zanja por completo.<\/p>\n<p align=\"justify\">  A la hora de la ofrenda se acerc&oacute; el profeta El&iacute;as y dijo: &quot;Se&ntilde;or, Dios de Abraham, de Isaac y de Jacob; que se vea hoy que t&uacute; eres el Dios de Israel, que yo soy tu servidor y que por orden tuya he ejecutado todas estas cosas. Resp&oacute;ndeme, Se&ntilde;or, resp&oacute;ndeme, para que todo este pueblo sepa que t&uacute;, Se&ntilde;or, eres el Dios verdadero, que puede cambiar los corazones&quot;.<\/p>\n<p align=\"justify\">  Entonces baj&oacute; el fuego del Se&ntilde;or y consumi&oacute; la v&iacute;ctima destinada al holocausto y la le&ntilde;a, y sec&oacute; el agua de la zanja. Al ver esto, todo el pueblo tuvo miedo, y postr&aacute;ndose en tierra, dijo: &quot;El Se&ntilde;or es el Dios verdadero. El Se&ntilde;or es el Dios verdadero&quot;.<\/p>\n<p align=\"justify\">\n  <strong><br \/>\n  Del salmo 15, 1.2a. 4.5. 8.11<\/strong><\/p>\n<p class=\"style1\">R\/. Prot&eacute;geme, Dios m&iacute;o, pues eres mi refugio. <\/p>\n<p>Prot&eacute;geme, Dios m&iacute;o, pues eres mi refugio. Yo siempre he dicho que t&uacute; eres mi Se&ntilde;or. R\/.<\/p>\n<p>  Los &iacute;dolos abundan y tras ellos se van todos corriendo; m&aacute;s yo no he de ofrecerles sacrificios, jam&aacute;s invocar&eacute; sus nombres. R\/.<\/p>\n<p>  El Se&ntilde;or es la parte que me ha tocado en herencia: mi vida est&aacute; en sus manos. Tengo siempre presente al Se&ntilde;or y con &eacute;l a mi lado jam&aacute;s tropezar&eacute;. R\/.<\/p>\n<p>  Ens&eacute;&ntilde;ame el camino de la vida, s&aacute;ciame de gozo en tu presencia y de alegr&iacute;a perpetua junto a ti. R\/.<\/p>\n<p><strong>San Mateo: 5, 17-19<\/strong><\/p>\n<p class=\"style1\">No he venido a abolir la ley, sino a darle plenitud.<\/p>\n<p align=\"justify\">En aquel tiempo, Jes&uacute;s dijo a sus disc&iacute;pulos: &quot;No crean que he venido a abolir la ley o los profetas; no he venido a abolirlos, sino a darles plenitud. Yo les aseguro que antes se acabar&aacute;n el cielo y la tierra, que deje de cumplirse hasta la m&aacute;s peque&ntilde;a letra o coma de la ley. Por lo tanto, el que quebrante uno de estos preceptos menores y ense&ntilde;e eso a los hombres, ser&aacute; el menor en el Reino de los cielos; pero el que los cumpla y los ense&ntilde;e, ser&aacute; grande en el Reino de los cielos&quot;.<\/p>\n<p>Source: Lecturas para la misa de hoy<\/p>\n","protected":false},"excerpt":{"rendered":"<p>Mi&eacute;rcoles de la X semana del Tiempo ordinario Reyes: 18, 20-39 Que todo el pueblo sepa que t&uacute;, Se&ntilde;or, eres el Dios<span class=\"more-button\"><a href=\"https:\/\/codemar.net\/podcast\/lectura-misa-del-dia-miercoles-junio-13-2018\/\" class=\"more-link\">Continuar lectura<span class=\"screen-reader-text\">Lectura Misa del Dia Mi\u00e9rcoles Junio 13 2018<\/span><\/a><\/span><\/p>\n","protected":false},"author":1,"featured_media":0,"comment_status":"open","ping_status":"closed","sticky":false,"template":"","format":"standard","meta":{"episode_type":"","audio_file":"","podmotor_file_id":"","podmotor_episode_id":"","cover_image":"","cover_image_id":"","duration":"","filesize":"","filesize_raw":"","date_recorded":"","explicit":"","block":"","itunes_episode_number":"","itunes_title":"","itunes_season_number":"","itunes_episode_type":"","jetpack_post_was_ever_published":false,"_jetpack_newsletter_access":"","_jetpack_dont_email_post_to_subs":false,"_jetpack_newsletter_tier_id":0,"_jetpack_memberships_contains_paywalled_content":false,"_jetpack_memberships_contains_paid_content":false,"footnotes":"","jetpack_publicize_message":"","jetpack_publicize_feature_enabled":true,"jetpack_social_post_already_shared":false,"jetpack_social_options":{"image_generator_settings":{"template":"highway","default_image_id":0,"font":"","enabled":false},"version":2}},"categories":[23],"tags":[22],"series":[],"class_list":["post-2369","post","type-post","status-publish","format-standard","hentry","category-lectura","tag-lecturas"],"episode_featured_image":false,"episode_player_image":"https:\/\/i0.wp.com\/codemar.net\/podcast\/wp-content\/uploads\/2023\/04\/Evangelios-podcast-high-scaled.jpg?fit=2560%2C2560&ssl=1","download_link":"","player_link":"","audio_player":false,"episode_data":{"playerMode":"dark","subscribeUrls":{"apple_podcasts":{"key":"apple_podcasts","url":"https:\/\/podcasts.apple.com\/us\/podcast\/evangelio-diario\/id1485268840","label":"Apple Podcasts","class":"apple_podcasts","icon":"apple-podcasts.png"},"google_podcasts":{"key":"google_podcasts","url":"https:\/\/podcasts.google.com\/feed\/aHR0cHM6Ly9jb2RlbWFyLm5ldC9wb2RjYXN0L2ZlZWQvcG9kY2FzdA?sa=X&ved=0CAMQ9sEGahgKEwiA8KP5_6z-AhUAAAAAHQAAAAAQ4AE","label":"Google Podcasts","class":"google_podcasts","icon":"google-podcasts.png"},"spotify":{"key":"spotify","url":"https:\/\/open.spotify.com\/show\/1Q3Se9DdIlpbuLPkkftN9w","label":"Spotify","class":"spotify","icon":"spotify.png"}},"rssFeedUrl":"https:\/\/codemar.net\/podcast\/feed\/podcast\/default-podcast","embedCode":"<blockquote class=\"wp-embedded-content\" data-secret=\"Pkg0VruVX3\"><a href=\"https:\/\/codemar.net\/podcast\/lectura-misa-del-dia-miercoles-junio-13-2018\/\">Lectura Misa del Dia Mi\u00e9rcoles Junio 13 2018<\/a><\/blockquote><iframe sandbox=\"allow-scripts\" security=\"restricted\" src=\"https:\/\/codemar.net\/podcast\/lectura-misa-del-dia-miercoles-junio-13-2018\/embed\/#?secret=Pkg0VruVX3\" width=\"500\" height=\"350\" title=\"&#8220;Lectura Misa del Dia Mi\u00e9rcoles Junio 13 2018&#8221; &#8212; Centro Cultural Coraz\u00f3n de Mar\u00eda\" data-secret=\"Pkg0VruVX3\" frameborder=\"0\" marginwidth=\"0\" marginheight=\"0\" scrolling=\"no\" class=\"wp-embedded-content\"><\/iframe><script type=\"text\/javascript\">\n\/* <![CDATA[ *\/\n\/*! This file is auto-generated *\/\n!function(d,l){\"use strict\";l.querySelector&&d.addEventListener&&\"undefined\"!=typeof URL&&(d.wp=d.wp||{},d.wp.receiveEmbedMessage||(d.wp.receiveEmbedMessage=function(e){var t=e.data;if((t||t.secret||t.message||t.value)&&!\/[^a-zA-Z0-9]\/.test(t.secret)){for(var s,r,n,a=l.querySelectorAll('iframe[data-secret=\"'+t.secret+'\"]'),o=l.querySelectorAll('blockquote[data-secret=\"'+t.secret+'\"]'),c=new RegExp(\"^https?:$\",\"i\"),i=0;i<o.length;i++)o[i].style.display=\"none\";for(i=0;i<a.length;i++)s=a[i],e.source===s.contentWindow&&(s.removeAttribute(\"style\"),\"height\"===t.message?(1e3<(r=parseInt(t.value,10))?r=1e3:~~r<200&&(r=200),s.height=r):\"link\"===t.message&&(r=new URL(s.getAttribute(\"src\")),n=new URL(t.value),c.test(n.protocol))&&n.host===r.host&&l.activeElement===s&&(d.top.location.href=t.value))}},d.addEventListener(\"message\",d.wp.receiveEmbedMessage,!1),l.addEventListener(\"DOMContentLoaded\",function(){for(var e,t,s=l.querySelectorAll(\"iframe.wp-embedded-content\"),r=0;r<s.length;r++)(t=(e=s[r]).getAttribute(\"data-secret\"))||(t=Math.random().toString(36).substring(2,12),e.src+=\"#?secret=\"+t,e.setAttribute(\"data-secret\",t)),e.contentWindow.postMessage({message:\"ready\",secret:t},\"*\")},!1)))}(window,document);\n\/\/# sourceURL=https:\/\/codemar.net\/podcast\/wp-includes\/js\/wp-embed.min.js\n\/* ]]> *\/\n<\/script>\n"},"jetpack_publicize_connections":[],"jetpack_featured_media_url":"","jetpack_shortlink":"https:\/\/wp.me\/p4bNxE-Cd","jetpack_sharing_enabled":true,"_links":{"self":[{"href":"https:\/\/codemar.net\/podcast\/wp-json\/wp\/v2\/posts\/2369","targetHints":{"allow":["GET"]}}],"collection":[{"href":"https:\/\/codemar.net\/podcast\/wp-json\/wp\/v2\/posts"}],"about":[{"href":"https:\/\/codemar.net\/podcast\/wp-json\/wp\/v2\/types\/post"}],"author":[{"embeddable":true,"href":"https:\/\/codemar.net\/podcast\/wp-json\/wp\/v2\/users\/1"}],"replies":[{"embeddable":true,"href":"https:\/\/codemar.net\/podcast\/wp-json\/wp\/v2\/comments?post=2369"}],"version-history":[{"count":0,"href":"https:\/\/codemar.net\/podcast\/wp-json\/wp\/v2\/posts\/2369\/revisions"}],"wp:attachment":[{"href":"https:\/\/codemar.net\/podcast\/wp-json\/wp\/v2\/media?parent=2369"}],"wp:term":[{"taxonomy":"category","embeddable":true,"href":"https:\/\/codemar.net\/podcast\/wp-json\/wp\/v2\/categories?post=2369"},{"taxonomy":"post_tag","embeddable":true,"href":"https:\/\/codemar.net\/podcast\/wp-json\/wp\/v2\/tags?post=2369"},{"taxonomy":"series","embeddable":true,"href":"https:\/\/codemar.net\/podcast\/wp-json\/wp\/v2\/series?post=2369"}],"curies":[{"name":"wp","href":"https:\/\/api.w.org\/{rel}","templated":true}]}}