{"id":2307,"date":"2018-01-31T03:06:52","date_gmt":"2018-01-31T09:06:52","guid":{"rendered":"http:\/\/codemar.net\/podcast\/?p=2307"},"modified":"2018-01-31T03:06:52","modified_gmt":"2018-01-31T09:06:52","slug":"lectura-misa-del-dia-miercoles-enero-31-2018","status":"publish","type":"post","link":"https:\/\/codemar.net\/podcast\/lectura-misa-del-dia-miercoles-enero-31-2018\/","title":{"rendered":"Lectura Misa del Dia Mi\u00e9rcoles Enero 31 2018"},"content":{"rendered":"<p><!--\n.style1 {\n\tcolor: #009900;\n\tfont-style: italic;\n}\n--><\/p>\n<p>  2<strong> Samuel: 24, 2. 9-17<\/strong><\/p>\n<p align=\"justify\" class=\"style1\">Soy yo, Se&ntilde;or, el que ha pecado. &iquest;Qu&eacute; culpa tienen ellos, que son las ovejas?<\/p>\n<p align=\"justify\">En aquellos d&iacute;as, el rey David dio a Joab y a los jefes del ej&eacute;rcito que estaban con &eacute;l, esta orden: &quot;Recorran todas las tribus de Israel, desde la ciudad de Dan hasta la de Berseb&aacute;, para hacer el censo de la poblaci&oacute;n, a fin de que pueda yo saber cu&aacute;nta gente tengo&quot;.<\/p>\n<p align=\"justify\">  Joab entreg&oacute; al rey los resultados del censo: en Israel hab&iacute;a ochocientos mil hombres aptos para la guerra, y en Jud&aacute; quinientos mil. Pero a David le remordi&oacute; la conciencia por haber mandado hacer el censo y dijo al Se&ntilde;or: &quot;He pecado gravemente; pero t&uacute;, Se&ntilde;or, perdona la culpa de tu siervo, porque he cometido una gran locura&quot;.<\/p>\n<p align=\"justify\">  Aquella misma noche el Se&ntilde;or le habl&oacute; al profeta Gad, consejero de David, y le dijo: &quot;Ve a ver a David y dile que yo, el Se&ntilde;or, le mando decir esto: &#8216;Te propongo tres castigos. Escoge uno y yo lo realizar&eacute;&#8217; &quot;.<\/p>\n<p align=\"justify\">  Por la ma&ntilde;ana, Gad se present&oacute; ante David y le pregunt&oacute;: &quot;&iquest;Qu&eacute; castigo prefieres; tres a&ntilde;os de hambre en tu territorio; tres meses de huir, perseguido por tus enemigos; o tres d&iacute;as de peste en tus dominios? Pi&eacute;nsalo y d&iacute;melo, para que pueda yo contestarle al Se&ntilde;or, que me ha enviado&quot;.<\/p>\n<p align=\"justify\">  David le respondi&oacute;: &quot;Estoy en un gran apuro. Pero prefiero caer en manos de Dios, que es el Se&ntilde;or de la misericordia, que en manos de los hombres&quot;. Y escogi&oacute; la peste.<\/p>\n<p align=\"justify\">  Era la &eacute;poca de la cosecha del trigo, cuando el Se&ntilde;or envi&oacute; la peste sobre Israel, desde aquella misma ma&ntilde;ana hasta el tiempo se&ntilde;alado. Desde Dan hasta Berseb&aacute; murieron setenta mil hombres. Pero, cuando el &aacute;ngel del Se&ntilde;or hab&iacute;a extendido ya su mano hacia Jerusal&eacute;n, para desatar ah&iacute; la peste, el Se&ntilde;or tuvo compasi&oacute;n y le dijo: &quot;&iexcl;Basta ya! Retira tu mano&quot;. En ese momento el &aacute;ngel se hallaba cerca de Jerusal&eacute;n, en los campos de Araun&aacute;, el yebuseo. Entonces el rey David, angustiado por el exterminio, or&oacute; as&iacute;: &quot;Soy yo, Se&ntilde;or, el que ha pecado; soy yo, el pastor, quien ha obrado mal. &iquest;Qu&eacute; culpa tienen ellos, que son las ovejas? Cast&iacute;game, pues, a m&iacute; y a los m&iacute;os&quot;.<\/p>\n<p><strong><em>Del salmo 31 <\/em><\/strong><\/p>\n<p class=\"style1\">R\/. Perdona, Se&ntilde;or, nuestros pecados.<\/p>\n<p>  Dichoso aquel que ha sido absuelto de su culpa y su pecado. Dichoso aquel en el que Dios no encuentra ni delito ni enga&ntilde;o. R\/.<\/p>\n<p>  Ante el Se&ntilde;or reconoc&iacute; mi culpa, no ocult&eacute; mi pecado. Te confes&eacute;, Se&ntilde;or, mi gran delito y t&uacute; me has perdonado. R\/.<\/p>\n<p>  Por eso, en el momento de la angustia, que todo fiel te invoque, y no lo alcanzar&aacute;n las grandes aguas, aunque &eacute;stas se desborden. R\/.<\/p>\n<p><strong>San Marcos: 6, 1-6<\/strong><\/p>\n<p class=\"style1\">Todos honran a un profeta, menos los de su tierra.<\/p>\n<p align=\"justify\">En aquel tiempo, Jes&uacute;s fue a su tierra en compa&ntilde;&iacute;a de sus disc&iacute;pulos. Cuando lleg&oacute; el s&aacute;bado, se puso a ense&ntilde;ar en la sinagoga, y la multitud que lo escuchaba se preguntaba con asombro: &quot;&iquest;D&oacute;nde aprendi&oacute; este hombre tantas cosas? &iquest;De d&oacute;nde le viene esa sabidur&iacute;a y ese poder para hacer milagros? &iquest;Qu&eacute; no es &eacute;ste el carpintero, el hijo de Mar&iacute;a, el hermano de Santiago, Jos&eacute;, Judas y Sim&oacute;n? &iquest;No viven aqu&iacute;, entre nosotros, sus hermanas?&quot;. Y estaban desconcertados.<\/p>\n<p align=\"justify\">  Pero Jes&uacute;s les dijo: &quot;Todos honran a un profeta, menos los de su tierra, sus parientes y los de su casa&quot;. Y no pudo hacer all&iacute; ning&uacute;n milagro, s&oacute;lo cur&oacute; a algunos enfermos imponi&eacute;ndoles las manos. Y estaba extra&ntilde;ado de la incredulidad de aquella gente. Luego se fue a ense&ntilde;ar en los pueblos vecinos.<\/p>\n<p>Source: Lecturas para la misa de hoy<\/p>\n","protected":false},"excerpt":{"rendered":"<p>2 Samuel: 24, 2. 9-17 Soy yo, Se&ntilde;or, el que ha pecado. &iquest;Qu&eacute; culpa tienen ellos, que son las ovejas? En aquellos<span class=\"more-button\"><a href=\"https:\/\/codemar.net\/podcast\/lectura-misa-del-dia-miercoles-enero-31-2018\/\" class=\"more-link\">Continuar lectura<span class=\"screen-reader-text\">Lectura Misa del Dia Mi\u00e9rcoles Enero 31 2018<\/span><\/a><\/span><\/p>\n","protected":false},"author":1,"featured_media":0,"comment_status":"open","ping_status":"closed","sticky":false,"template":"","format":"standard","meta":{"episode_type":"","audio_file":"","podmotor_file_id":"","podmotor_episode_id":"","cover_image":"","cover_image_id":"","duration":"","filesize":"","filesize_raw":"","date_recorded":"","explicit":"","block":"","itunes_episode_number":"","itunes_title":"","itunes_season_number":"","itunes_episode_type":"","jetpack_post_was_ever_published":false,"_jetpack_newsletter_access":"","_jetpack_dont_email_post_to_subs":false,"_jetpack_newsletter_tier_id":0,"_jetpack_memberships_contains_paywalled_content":false,"_jetpack_memberships_contains_paid_content":false,"footnotes":"","jetpack_publicize_message":"","jetpack_publicize_feature_enabled":true,"jetpack_social_post_already_shared":false,"jetpack_social_options":{"image_generator_settings":{"template":"highway","default_image_id":0,"font":"","enabled":false},"version":2}},"categories":[23],"tags":[22],"series":[],"class_list":["post-2307","post","type-post","status-publish","format-standard","hentry","category-lectura","tag-lecturas"],"episode_featured_image":false,"episode_player_image":"https:\/\/i0.wp.com\/codemar.net\/podcast\/wp-content\/uploads\/2023\/04\/Evangelios-podcast-high-scaled.jpg?fit=2560%2C2560&ssl=1","download_link":"","player_link":"","audio_player":false,"episode_data":{"playerMode":"dark","subscribeUrls":{"apple_podcasts":{"key":"apple_podcasts","url":"https:\/\/podcasts.apple.com\/us\/podcast\/evangelio-diario\/id1485268840","label":"Apple Podcasts","class":"apple_podcasts","icon":"apple-podcasts.png"},"google_podcasts":{"key":"google_podcasts","url":"https:\/\/podcasts.google.com\/feed\/aHR0cHM6Ly9jb2RlbWFyLm5ldC9wb2RjYXN0L2ZlZWQvcG9kY2FzdA?sa=X&ved=0CAMQ9sEGahgKEwiA8KP5_6z-AhUAAAAAHQAAAAAQ4AE","label":"Google Podcasts","class":"google_podcasts","icon":"google-podcasts.png"},"spotify":{"key":"spotify","url":"https:\/\/open.spotify.com\/show\/1Q3Se9DdIlpbuLPkkftN9w","label":"Spotify","class":"spotify","icon":"spotify.png"}},"rssFeedUrl":"https:\/\/codemar.net\/podcast\/feed\/podcast\/default-podcast","embedCode":"<blockquote class=\"wp-embedded-content\" data-secret=\"tq9j8jS7zr\"><a href=\"https:\/\/codemar.net\/podcast\/lectura-misa-del-dia-miercoles-enero-31-2018\/\">Lectura Misa del Dia Mi\u00e9rcoles Enero 31 2018<\/a><\/blockquote><iframe sandbox=\"allow-scripts\" security=\"restricted\" src=\"https:\/\/codemar.net\/podcast\/lectura-misa-del-dia-miercoles-enero-31-2018\/embed\/#?secret=tq9j8jS7zr\" width=\"500\" height=\"350\" title=\"&#8220;Lectura Misa del Dia Mi\u00e9rcoles Enero 31 2018&#8221; &#8212; Centro Cultural Coraz\u00f3n de Mar\u00eda\" data-secret=\"tq9j8jS7zr\" frameborder=\"0\" marginwidth=\"0\" marginheight=\"0\" scrolling=\"no\" class=\"wp-embedded-content\"><\/iframe><script type=\"text\/javascript\">\n\/* <![CDATA[ *\/\n\/*! This file is auto-generated *\/\n!function(d,l){\"use strict\";l.querySelector&&d.addEventListener&&\"undefined\"!=typeof URL&&(d.wp=d.wp||{},d.wp.receiveEmbedMessage||(d.wp.receiveEmbedMessage=function(e){var t=e.data;if((t||t.secret||t.message||t.value)&&!\/[^a-zA-Z0-9]\/.test(t.secret)){for(var s,r,n,a=l.querySelectorAll('iframe[data-secret=\"'+t.secret+'\"]'),o=l.querySelectorAll('blockquote[data-secret=\"'+t.secret+'\"]'),c=new RegExp(\"^https?:$\",\"i\"),i=0;i<o.length;i++)o[i].style.display=\"none\";for(i=0;i<a.length;i++)s=a[i],e.source===s.contentWindow&&(s.removeAttribute(\"style\"),\"height\"===t.message?(1e3<(r=parseInt(t.value,10))?r=1e3:~~r<200&&(r=200),s.height=r):\"link\"===t.message&&(r=new URL(s.getAttribute(\"src\")),n=new URL(t.value),c.test(n.protocol))&&n.host===r.host&&l.activeElement===s&&(d.top.location.href=t.value))}},d.addEventListener(\"message\",d.wp.receiveEmbedMessage,!1),l.addEventListener(\"DOMContentLoaded\",function(){for(var e,t,s=l.querySelectorAll(\"iframe.wp-embedded-content\"),r=0;r<s.length;r++)(t=(e=s[r]).getAttribute(\"data-secret\"))||(t=Math.random().toString(36).substring(2,12),e.src+=\"#?secret=\"+t,e.setAttribute(\"data-secret\",t)),e.contentWindow.postMessage({message:\"ready\",secret:t},\"*\")},!1)))}(window,document);\n\/\/# sourceURL=https:\/\/codemar.net\/podcast\/wp-includes\/js\/wp-embed.min.js\n\/* ]]> *\/\n<\/script>\n"},"jetpack_publicize_connections":[],"jetpack_featured_media_url":"","jetpack_shortlink":"https:\/\/wp.me\/p4bNxE-Bd","jetpack_sharing_enabled":true,"_links":{"self":[{"href":"https:\/\/codemar.net\/podcast\/wp-json\/wp\/v2\/posts\/2307","targetHints":{"allow":["GET"]}}],"collection":[{"href":"https:\/\/codemar.net\/podcast\/wp-json\/wp\/v2\/posts"}],"about":[{"href":"https:\/\/codemar.net\/podcast\/wp-json\/wp\/v2\/types\/post"}],"author":[{"embeddable":true,"href":"https:\/\/codemar.net\/podcast\/wp-json\/wp\/v2\/users\/1"}],"replies":[{"embeddable":true,"href":"https:\/\/codemar.net\/podcast\/wp-json\/wp\/v2\/comments?post=2307"}],"version-history":[{"count":0,"href":"https:\/\/codemar.net\/podcast\/wp-json\/wp\/v2\/posts\/2307\/revisions"}],"wp:attachment":[{"href":"https:\/\/codemar.net\/podcast\/wp-json\/wp\/v2\/media?parent=2307"}],"wp:term":[{"taxonomy":"category","embeddable":true,"href":"https:\/\/codemar.net\/podcast\/wp-json\/wp\/v2\/categories?post=2307"},{"taxonomy":"post_tag","embeddable":true,"href":"https:\/\/codemar.net\/podcast\/wp-json\/wp\/v2\/tags?post=2307"},{"taxonomy":"series","embeddable":true,"href":"https:\/\/codemar.net\/podcast\/wp-json\/wp\/v2\/series?post=2307"}],"curies":[{"name":"wp","href":"https:\/\/api.w.org\/{rel}","templated":true}]}}