{"id":2294,"date":"2018-01-17T03:00:00","date_gmt":"2018-01-17T09:00:00","guid":{"rendered":"http:\/\/codemar.net\/podcast\/?p=2294"},"modified":"2018-01-17T03:00:00","modified_gmt":"2018-01-17T09:00:00","slug":"lectura-misa-del-dia-miercoles-enero-17-2018","status":"publish","type":"post","link":"https:\/\/codemar.net\/podcast\/lectura-misa-del-dia-miercoles-enero-17-2018\/","title":{"rendered":"Lectura Misa del Dia Mi\u00e9rcoles Enero 17 2018"},"content":{"rendered":"<p><!--\n.style1 {\n\tcolor: #009900;\n\tfont-style: italic;\n}\n.style2 {color: #009900}\n--><\/p>\n<p><strong>1 Samuel: 17, 32-33. 37. 40-51<\/strong> <\/p>\n<p class=\"style1\">David venci&oacute; a Goliat con una honda y una piedra.<\/p>\n<p align=\"justify\">  En  aquellos d&iacute;as, dijo David a Sa&uacute;l: &quot;Se&ntilde;or, no se atemorice tu coraz&oacute;n por  ese filisteo. Tu siervo ir&aacute; y pelear&aacute; con &eacute;l&quot;. Pero Sa&uacute;l le replic&oacute;:  &quot;T&uacute; no puedes ir a pelear contra Goliat, porque no eres m&aacute;s que un  muchacho, y &eacute;l, un hombre adiestrado para la guerra desde su juventud&quot;.  David le contest&oacute;: &quot;El Se&ntilde;or, que me ha librado de las garras del le&oacute;n y  del oso, me librar&aacute; tambi&eacute;n de las manos de ese filisteo&quot;. Sa&uacute;l le dijo:  &quot;Ve, y que el Se&ntilde;or te ayude&quot;.<\/p>\n<p align=\"justify\">  Tom&oacute; David el cayado que siempre llevaba consigo; escogi&oacute; en el arroyo cinco  piedras bien lisas, las puso en su morral, y con la honda en la mano, avanz&oacute;  hacia el filisteo. Goliat, precedido por su escudero, se fue acercando a David.  El filisteo se le qued&oacute; mirando, y cuando vio que era un joven, rubio y de  buena presencia, lo despreci&oacute; y le dijo: &quot;&iquest;Soy acaso un perro para que me  salgas al encuentro con palos y con piedras?&quot; David le contest&oacute;: &quot;No.  Eres peor que un perro&quot;. Entonces Goliat lo maldijo en nombre de sus  dioses y a&ntilde;adi&oacute;: &quot;Ac&eacute;rcate, que yo les echar&eacute; tu carne a las aves del  cielo y a las bestias del campo&quot;. David le replic&oacute;: &quot;T&uacute; vienes hacia  m&iacute; con espada, lanza y jabalina. Pero yo voy contra ti en el nombre del Se&ntilde;or  de los ej&eacute;rcitos, el Dios de los escuadrones de Israel, a quien t&uacute; has insultado.  Hoy mismo te va a entregar el Se&ntilde;or en mis manos; te voy a vencer y te voy a  cortar la cabeza, y voy a echarles tu cad&aacute;ver y los cad&aacute;veres de los filisteos  a las aves del cielo y a las fieras del campo. As&iacute; sabr&aacute; toda la tierra que hay  Dios en Israel, y toda esa multitud sabr&aacute; que el Se&ntilde;or no necesita ni lanzas ni  espadas para vencer, porque &Eacute;l es el Se&ntilde;or de la guerra y los entregar&aacute; a  ustedes en nuestras manos&quot;. Cuando el filisteo comenz&oacute; a avanzar contra  David, &eacute;ste corri&oacute; a su encuentro, meti&oacute; la mano en el morral, sac&oacute; una piedra,  la tir&oacute; con la honda e hiri&oacute; al filisteo en la frente. La piedra se le clav&oacute; en  la frente y el filisteo cay&oacute; de boca por tierra. Venci&oacute; David al filisteo con  una honda y una piedra; lo hiri&oacute; y lo mat&oacute;, sin tener espada en la mano. Corri&oacute;  David a donde estaba ca&iacute;do el filisteo, tom&oacute; su espada, la sac&oacute; de la vaina, lo  mat&oacute; y le cort&oacute; la cabeza. Los filisteos, viendo que hab&iacute;a muerto su jefe,  huyeron.&nbsp; <\/p>\n<p align=\"justify\"><strong>Del salmo 143 <\/strong><\/p>\n<p align=\"justify\" class=\"style1\">R\/. Bendito sea el Se&ntilde;or.<\/p>\n<p align=\"justify\">  Bendito sea el Se&ntilde;or, mi roca firme; &Eacute;l adiestr&oacute; mis manos y mis dedos para  luchar en lides. R\/.<\/p>\n<p align=\"justify\">&Eacute;l es mi amigo fiel, mi fortaleza, mi seguro escondite, escudo en que me  amparo, el que los pueblos a mis plantas rinde. R\/.<\/p>\n<p align=\"justify\">  Al comp&aacute;s de mi c&iacute;tara, nuevos cantos, Se&ntilde;or, he de decirte, pues t&uacute; das a los  reyes la victoria y salvas a David, tu siervo humilde. R\/. <\/p>\n<p align=\"justify\"><strong>San Marcos: 3, 1-6<\/strong><\/p>\n<p align=\"justify\"><em><span class=\"style2\">&iquest;Se le puede salvar la vida a un hombre en s&aacute;bado o hay que dejarlo mori<\/span>r?<\/em><\/p>\n<p align=\"justify\">  En  aquel tiempo, Jes&uacute;s entr&oacute; en la sinagoga, donde hab&iacute;a un hombre que ten&iacute;a  tullida una mano. Los fariseos estaban espiando a Jes&uacute;s para ver si curaba en  s&aacute;bado y poderlo acusar. Jes&uacute;s le dijo al tullido: &quot;Lev&aacute;ntate y ponte all&iacute;  en medio&quot;.<\/p>\n<p align=\"justify\">  Despu&eacute;s les pregunt&oacute;: &quot;&iquest;Qu&eacute; es lo que est&aacute; permitido hacer en s&aacute;bado, el  bien o el mal? &iquest;Se le puede salvar la vida a un hombre en s&aacute;bado o hay que  dejarlo morir?&quot; Ellos se quedaron callados. Entonces, mir&aacute;ndolos con ira y  con tristeza, porque no quer&iacute;an entender, le dijo al hombre: &quot;Extiende tu  mano&quot;. La extendi&oacute;, y su mano qued&oacute; sana. Entonces se salieron los  fariseos y comenzaron a hacer planes, con los del partido de Herodes, para  matar a Jes&uacute;s.&nbsp; \n<\/p>\n<p>Source: Lecturas para la misa de hoy<\/p>\n","protected":false},"excerpt":{"rendered":"<p>1 Samuel: 17, 32-33. 37. 40-51 David venci&oacute; a Goliat con una honda y una piedra. En aquellos d&iacute;as, dijo David a<span class=\"more-button\"><a href=\"https:\/\/codemar.net\/podcast\/lectura-misa-del-dia-miercoles-enero-17-2018\/\" class=\"more-link\">Continuar lectura<span class=\"screen-reader-text\">Lectura Misa del Dia Mi\u00e9rcoles Enero 17 2018<\/span><\/a><\/span><\/p>\n","protected":false},"author":1,"featured_media":0,"comment_status":"open","ping_status":"closed","sticky":false,"template":"","format":"standard","meta":{"episode_type":"","audio_file":"","podmotor_file_id":"","podmotor_episode_id":"","cover_image":"","cover_image_id":"","duration":"","filesize":"","filesize_raw":"","date_recorded":"","explicit":"","block":"","itunes_episode_number":"","itunes_title":"","itunes_season_number":"","itunes_episode_type":"","jetpack_post_was_ever_published":false,"_jetpack_newsletter_access":"","_jetpack_dont_email_post_to_subs":false,"_jetpack_newsletter_tier_id":0,"_jetpack_memberships_contains_paywalled_content":false,"_jetpack_memberships_contains_paid_content":false,"footnotes":"","jetpack_publicize_message":"","jetpack_publicize_feature_enabled":true,"jetpack_social_post_already_shared":false,"jetpack_social_options":{"image_generator_settings":{"template":"highway","default_image_id":0,"font":"","enabled":false},"version":2}},"categories":[23],"tags":[22],"series":[],"class_list":["post-2294","post","type-post","status-publish","format-standard","hentry","category-lectura","tag-lecturas"],"episode_featured_image":false,"episode_player_image":"https:\/\/i0.wp.com\/codemar.net\/podcast\/wp-content\/uploads\/2023\/04\/Evangelios-podcast-high-scaled.jpg?fit=2560%2C2560&ssl=1","download_link":"","player_link":"","audio_player":false,"episode_data":{"playerMode":"dark","subscribeUrls":{"apple_podcasts":{"key":"apple_podcasts","url":"https:\/\/podcasts.apple.com\/us\/podcast\/evangelio-diario\/id1485268840","label":"Apple Podcasts","class":"apple_podcasts","icon":"apple-podcasts.png"},"google_podcasts":{"key":"google_podcasts","url":"https:\/\/podcasts.google.com\/feed\/aHR0cHM6Ly9jb2RlbWFyLm5ldC9wb2RjYXN0L2ZlZWQvcG9kY2FzdA?sa=X&ved=0CAMQ9sEGahgKEwiA8KP5_6z-AhUAAAAAHQAAAAAQ4AE","label":"Google Podcasts","class":"google_podcasts","icon":"google-podcasts.png"},"spotify":{"key":"spotify","url":"https:\/\/open.spotify.com\/show\/1Q3Se9DdIlpbuLPkkftN9w","label":"Spotify","class":"spotify","icon":"spotify.png"}},"rssFeedUrl":"https:\/\/codemar.net\/podcast\/feed\/podcast\/default-podcast","embedCode":"<blockquote class=\"wp-embedded-content\" data-secret=\"tCiCR4TUJy\"><a href=\"https:\/\/codemar.net\/podcast\/lectura-misa-del-dia-miercoles-enero-17-2018\/\">Lectura Misa del Dia Mi\u00e9rcoles Enero 17 2018<\/a><\/blockquote><iframe sandbox=\"allow-scripts\" security=\"restricted\" src=\"https:\/\/codemar.net\/podcast\/lectura-misa-del-dia-miercoles-enero-17-2018\/embed\/#?secret=tCiCR4TUJy\" width=\"500\" height=\"350\" title=\"&#8220;Lectura Misa del Dia Mi\u00e9rcoles Enero 17 2018&#8221; &#8212; Centro Cultural Coraz\u00f3n de Mar\u00eda\" data-secret=\"tCiCR4TUJy\" frameborder=\"0\" marginwidth=\"0\" marginheight=\"0\" scrolling=\"no\" class=\"wp-embedded-content\"><\/iframe><script type=\"text\/javascript\">\n\/* <![CDATA[ *\/\n\/*! This file is auto-generated *\/\n!function(d,l){\"use strict\";l.querySelector&&d.addEventListener&&\"undefined\"!=typeof URL&&(d.wp=d.wp||{},d.wp.receiveEmbedMessage||(d.wp.receiveEmbedMessage=function(e){var t=e.data;if((t||t.secret||t.message||t.value)&&!\/[^a-zA-Z0-9]\/.test(t.secret)){for(var s,r,n,a=l.querySelectorAll('iframe[data-secret=\"'+t.secret+'\"]'),o=l.querySelectorAll('blockquote[data-secret=\"'+t.secret+'\"]'),c=new RegExp(\"^https?:$\",\"i\"),i=0;i<o.length;i++)o[i].style.display=\"none\";for(i=0;i<a.length;i++)s=a[i],e.source===s.contentWindow&&(s.removeAttribute(\"style\"),\"height\"===t.message?(1e3<(r=parseInt(t.value,10))?r=1e3:~~r<200&&(r=200),s.height=r):\"link\"===t.message&&(r=new URL(s.getAttribute(\"src\")),n=new URL(t.value),c.test(n.protocol))&&n.host===r.host&&l.activeElement===s&&(d.top.location.href=t.value))}},d.addEventListener(\"message\",d.wp.receiveEmbedMessage,!1),l.addEventListener(\"DOMContentLoaded\",function(){for(var e,t,s=l.querySelectorAll(\"iframe.wp-embedded-content\"),r=0;r<s.length;r++)(t=(e=s[r]).getAttribute(\"data-secret\"))||(t=Math.random().toString(36).substring(2,12),e.src+=\"#?secret=\"+t,e.setAttribute(\"data-secret\",t)),e.contentWindow.postMessage({message:\"ready\",secret:t},\"*\")},!1)))}(window,document);\n\/\/# sourceURL=https:\/\/codemar.net\/podcast\/wp-includes\/js\/wp-embed.min.js\n\/* ]]> *\/\n<\/script>\n"},"jetpack_publicize_connections":[],"jetpack_featured_media_url":"","jetpack_shortlink":"https:\/\/wp.me\/p4bNxE-B0","jetpack_sharing_enabled":true,"_links":{"self":[{"href":"https:\/\/codemar.net\/podcast\/wp-json\/wp\/v2\/posts\/2294","targetHints":{"allow":["GET"]}}],"collection":[{"href":"https:\/\/codemar.net\/podcast\/wp-json\/wp\/v2\/posts"}],"about":[{"href":"https:\/\/codemar.net\/podcast\/wp-json\/wp\/v2\/types\/post"}],"author":[{"embeddable":true,"href":"https:\/\/codemar.net\/podcast\/wp-json\/wp\/v2\/users\/1"}],"replies":[{"embeddable":true,"href":"https:\/\/codemar.net\/podcast\/wp-json\/wp\/v2\/comments?post=2294"}],"version-history":[{"count":0,"href":"https:\/\/codemar.net\/podcast\/wp-json\/wp\/v2\/posts\/2294\/revisions"}],"wp:attachment":[{"href":"https:\/\/codemar.net\/podcast\/wp-json\/wp\/v2\/media?parent=2294"}],"wp:term":[{"taxonomy":"category","embeddable":true,"href":"https:\/\/codemar.net\/podcast\/wp-json\/wp\/v2\/categories?post=2294"},{"taxonomy":"post_tag","embeddable":true,"href":"https:\/\/codemar.net\/podcast\/wp-json\/wp\/v2\/tags?post=2294"},{"taxonomy":"series","embeddable":true,"href":"https:\/\/codemar.net\/podcast\/wp-json\/wp\/v2\/series?post=2294"}],"curies":[{"name":"wp","href":"https:\/\/api.w.org\/{rel}","templated":true}]}}