{"id":2268,"date":"2017-12-06T15:34:50","date_gmt":"2017-12-06T21:34:50","guid":{"rendered":"http:\/\/codemar.net\/podcast\/?p=2268"},"modified":"2017-12-06T15:34:50","modified_gmt":"2017-12-06T21:34:50","slug":"lectura-misa-del-dia-miercoles-diciembre-06-2017","status":"publish","type":"post","link":"https:\/\/codemar.net\/podcast\/lectura-misa-del-dia-miercoles-diciembre-06-2017\/","title":{"rendered":"Lectura Misa del Dia Mi\u00e9rcoles Diciembre 06 2017"},"content":{"rendered":"<p><!--\n.style1 {\n\tcolor: #6600CC;\n\tfont-style: italic;\n}\n--><\/p>\n<h3>Miercoles de la I semana de Adviento<\/h3>\n<p><strong>Isa&iacute;as: 25, 6-10<\/strong><\/p>\n<p class=\"style1\">El Se&ntilde;or preparar&aacute; un banquete y enjugar&aacute; las l&aacute;grimas de todos los  rostros.<\/p>\n<p align=\"justify\">  En  aquel d&iacute;a, el Se&ntilde;or del universo preparar&aacute; sobre este monte un fest&iacute;n con  platillos suculentos para todos 1os pueblos; un banquete con vinos exquisitos y  manjares sustanciosos. &Eacute;l arrancar&aacute; en este monte el velo que cubre el rostro  de todos los pueblos, el pa&ntilde;o que oscurece a todas las naciones. Destruir&aacute; la  muerte para siempre; el Se&ntilde;or Dios enjugar&aacute; las l&aacute;grimas de todos los rostros y  borrar&aacute; de toda la tierra la afrenta de su pueblo. As&iacute; lo ha dicho el Se&ntilde;or. En  aquel d&iacute;a se dir&aacute;: &quot;Aqu&iacute; est&aacute; nuestro Dios, de quien esper&aacute;bamos que nos  salvara. Alegr&eacute;monos y gocemos con la salvaci&oacute;n que nos trae, porque la mano  del Se&ntilde;or reposar&aacute; en este monte&quot;.<\/p>\n<p><strong>Del salmo 22 <\/strong><\/p>\n<p class=\"style1\"> Habitar&eacute; en la casa del Se&ntilde;or toda la vida.<\/p>\n<p align=\"justify\">  El Se&ntilde;or es mi pastor, nada me falta; en verdes praderas me hace reposar y  hacia fuentes tranquilas me conduce para reparar mis fuerzas. R\/.<\/p>\n<p align=\"justify\">  Por ser un Dios fiel a sus promesas, me gu&iacute;a por el sendero recto; as&iacute;, aunque  camine por ca&ntilde;adas oscuras, nada temo, porque t&uacute; est&aacute;s conmigo. Tu vara y tu  cayado me dan seguridad. R\/.<\/p>\n<p align=\"justify\">  T&uacute; mismo me preparas la mesa, a despecho de mis adversarios; me unges la cabeza  con perfume y llenas mi copa hasta los bordes. R\/. <\/p>\n<p><strong>San Mateo: 15, 29-37<\/strong> <\/p>\n<p class=\"style1\">Jes&uacute;s sana a muchos enfermos y multiplica los panes.<\/p>\n<p align=\"justify\">En  aquel tiempo, lleg&oacute; Jes&uacute;s a la orilla del mar de Galilea, subi&oacute; al monte y se  sent&oacute;. Acudi&oacute; a &Eacute;l mucha gente, que llevaba consigo tullidos, ciegos, lisiados,  sordomudos y muchos otros enfermos. Los tendieron a sus pies y &Eacute;l los cur&oacute;. La  gente se llen&oacute; de admiraci&oacute;n, al ver que los lisiados estaban curados, que los  ciegos ve&iacute;an, que los mudos hablaban y los tullidos caminaban; por lo que  glorificaron al Dios de Israel.<\/p>\n<p align=\"justify\">  Jes&uacute;s llam&oacute; a sus disc&iacute;pulos y les dijo: &quot;Me da l&aacute;stima esta gente, porque  llevan ya tres d&iacute;as conmigo y no tienen qu&eacute; comer. No quiero despedirlos en  ayunas, porque pueden desmayarse en el camino&quot; Los disc&iacute;pulos le  preguntaron: &quot;&iquest;D&oacute;nde vamos a conseguir, en este lugar despoblado, panes  suficientes para saciar a tal muchedumbre?&quot; Jes&uacute;s les pregunt&oacute;:  &quot;&iquest;Cu&aacute;ntos panes tienen?&quot; Ellos contestaron: &quot;Siete, y unos  cuantos pescados&quot;.<\/p>\n<p align=\"justify\">  Despu&eacute;s de ordenar a la gente que se sentara en el suelo, Jes&uacute;s tom&oacute; los siete  panes y los pescados, y habiendo dado gracias a Dios, los parti&oacute; y los fue  entregando a los disc&iacute;pulos, y los disc&iacute;pulos a la gente. Todos comieron hasta  saciarse, y llenaron siete canastos con los pedazos que hab&iacute;an sobrado.<\/p>\n<p>Source: Lecturas para la misa de hoy<\/p>\n","protected":false},"excerpt":{"rendered":"<p>Miercoles de la I semana de Adviento Isa&iacute;as: 25, 6-10 El Se&ntilde;or preparar&aacute; un banquete y enjugar&aacute; las l&aacute;grimas de todos los<span class=\"more-button\"><a href=\"https:\/\/codemar.net\/podcast\/lectura-misa-del-dia-miercoles-diciembre-06-2017\/\" class=\"more-link\">Continuar lectura<span class=\"screen-reader-text\">Lectura Misa del Dia Mi\u00e9rcoles Diciembre 06 2017<\/span><\/a><\/span><\/p>\n","protected":false},"author":1,"featured_media":0,"comment_status":"open","ping_status":"closed","sticky":false,"template":"","format":"standard","meta":{"episode_type":"","audio_file":"","podmotor_file_id":"","podmotor_episode_id":"","cover_image":"","cover_image_id":"","duration":"","filesize":"","filesize_raw":"","date_recorded":"","explicit":"","block":"","itunes_episode_number":"","itunes_title":"","itunes_season_number":"","itunes_episode_type":"","jetpack_post_was_ever_published":false,"_jetpack_newsletter_access":"","_jetpack_dont_email_post_to_subs":false,"_jetpack_newsletter_tier_id":0,"_jetpack_memberships_contains_paywalled_content":false,"_jetpack_memberships_contains_paid_content":false,"footnotes":"","jetpack_publicize_message":"","jetpack_publicize_feature_enabled":true,"jetpack_social_post_already_shared":false,"jetpack_social_options":{"image_generator_settings":{"template":"highway","default_image_id":0,"font":"","enabled":false},"version":2}},"categories":[23],"tags":[22],"series":[],"class_list":["post-2268","post","type-post","status-publish","format-standard","hentry","category-lectura","tag-lecturas"],"episode_featured_image":false,"episode_player_image":"https:\/\/i0.wp.com\/codemar.net\/podcast\/wp-content\/uploads\/2023\/04\/Evangelios-podcast-high-scaled.jpg?fit=2560%2C2560&ssl=1","download_link":"","player_link":"","audio_player":false,"episode_data":{"playerMode":"dark","subscribeUrls":{"apple_podcasts":{"key":"apple_podcasts","url":"https:\/\/podcasts.apple.com\/us\/podcast\/evangelio-diario\/id1485268840","label":"Apple Podcasts","class":"apple_podcasts","icon":"apple-podcasts.png"},"google_podcasts":{"key":"google_podcasts","url":"https:\/\/podcasts.google.com\/feed\/aHR0cHM6Ly9jb2RlbWFyLm5ldC9wb2RjYXN0L2ZlZWQvcG9kY2FzdA?sa=X&ved=0CAMQ9sEGahgKEwiA8KP5_6z-AhUAAAAAHQAAAAAQ4AE","label":"Google Podcasts","class":"google_podcasts","icon":"google-podcasts.png"},"spotify":{"key":"spotify","url":"https:\/\/open.spotify.com\/show\/1Q3Se9DdIlpbuLPkkftN9w","label":"Spotify","class":"spotify","icon":"spotify.png"}},"rssFeedUrl":"https:\/\/codemar.net\/podcast\/feed\/podcast\/default-podcast","embedCode":"<blockquote class=\"wp-embedded-content\" data-secret=\"zau39NrHyp\"><a href=\"https:\/\/codemar.net\/podcast\/lectura-misa-del-dia-miercoles-diciembre-06-2017\/\">Lectura Misa del Dia Mi\u00e9rcoles Diciembre 06 2017<\/a><\/blockquote><iframe sandbox=\"allow-scripts\" security=\"restricted\" src=\"https:\/\/codemar.net\/podcast\/lectura-misa-del-dia-miercoles-diciembre-06-2017\/embed\/#?secret=zau39NrHyp\" width=\"500\" height=\"350\" title=\"&#8220;Lectura Misa del Dia Mi\u00e9rcoles Diciembre 06 2017&#8221; &#8212; Centro Cultural Coraz\u00f3n de Mar\u00eda\" data-secret=\"zau39NrHyp\" frameborder=\"0\" marginwidth=\"0\" marginheight=\"0\" scrolling=\"no\" class=\"wp-embedded-content\"><\/iframe><script type=\"text\/javascript\">\n\/* <![CDATA[ *\/\n\/*! This file is auto-generated *\/\n!function(d,l){\"use strict\";l.querySelector&&d.addEventListener&&\"undefined\"!=typeof URL&&(d.wp=d.wp||{},d.wp.receiveEmbedMessage||(d.wp.receiveEmbedMessage=function(e){var t=e.data;if((t||t.secret||t.message||t.value)&&!\/[^a-zA-Z0-9]\/.test(t.secret)){for(var s,r,n,a=l.querySelectorAll('iframe[data-secret=\"'+t.secret+'\"]'),o=l.querySelectorAll('blockquote[data-secret=\"'+t.secret+'\"]'),c=new RegExp(\"^https?:$\",\"i\"),i=0;i<o.length;i++)o[i].style.display=\"none\";for(i=0;i<a.length;i++)s=a[i],e.source===s.contentWindow&&(s.removeAttribute(\"style\"),\"height\"===t.message?(1e3<(r=parseInt(t.value,10))?r=1e3:~~r<200&&(r=200),s.height=r):\"link\"===t.message&&(r=new URL(s.getAttribute(\"src\")),n=new URL(t.value),c.test(n.protocol))&&n.host===r.host&&l.activeElement===s&&(d.top.location.href=t.value))}},d.addEventListener(\"message\",d.wp.receiveEmbedMessage,!1),l.addEventListener(\"DOMContentLoaded\",function(){for(var e,t,s=l.querySelectorAll(\"iframe.wp-embedded-content\"),r=0;r<s.length;r++)(t=(e=s[r]).getAttribute(\"data-secret\"))||(t=Math.random().toString(36).substring(2,12),e.src+=\"#?secret=\"+t,e.setAttribute(\"data-secret\",t)),e.contentWindow.postMessage({message:\"ready\",secret:t},\"*\")},!1)))}(window,document);\n\/\/# sourceURL=https:\/\/codemar.net\/podcast\/wp-includes\/js\/wp-embed.min.js\n\/* ]]> *\/\n<\/script>\n"},"jetpack_publicize_connections":[],"jetpack_featured_media_url":"","jetpack_shortlink":"https:\/\/wp.me\/p4bNxE-AA","jetpack_sharing_enabled":true,"_links":{"self":[{"href":"https:\/\/codemar.net\/podcast\/wp-json\/wp\/v2\/posts\/2268","targetHints":{"allow":["GET"]}}],"collection":[{"href":"https:\/\/codemar.net\/podcast\/wp-json\/wp\/v2\/posts"}],"about":[{"href":"https:\/\/codemar.net\/podcast\/wp-json\/wp\/v2\/types\/post"}],"author":[{"embeddable":true,"href":"https:\/\/codemar.net\/podcast\/wp-json\/wp\/v2\/users\/1"}],"replies":[{"embeddable":true,"href":"https:\/\/codemar.net\/podcast\/wp-json\/wp\/v2\/comments?post=2268"}],"version-history":[{"count":0,"href":"https:\/\/codemar.net\/podcast\/wp-json\/wp\/v2\/posts\/2268\/revisions"}],"wp:attachment":[{"href":"https:\/\/codemar.net\/podcast\/wp-json\/wp\/v2\/media?parent=2268"}],"wp:term":[{"taxonomy":"category","embeddable":true,"href":"https:\/\/codemar.net\/podcast\/wp-json\/wp\/v2\/categories?post=2268"},{"taxonomy":"post_tag","embeddable":true,"href":"https:\/\/codemar.net\/podcast\/wp-json\/wp\/v2\/tags?post=2268"},{"taxonomy":"series","embeddable":true,"href":"https:\/\/codemar.net\/podcast\/wp-json\/wp\/v2\/series?post=2268"}],"curies":[{"name":"wp","href":"https:\/\/api.w.org\/{rel}","templated":true}]}}