{"id":2207,"date":"2017-08-09T03:00:00","date_gmt":"2017-08-09T09:00:00","guid":{"rendered":"http:\/\/codemar.net\/podcast\/?p=2207"},"modified":"2017-08-09T03:00:00","modified_gmt":"2017-08-09T09:00:00","slug":"lectura-misa-del-dia-miercoles-agosto-09-2017","status":"publish","type":"post","link":"https:\/\/codemar.net\/podcast\/lectura-misa-del-dia-miercoles-agosto-09-2017\/","title":{"rendered":"Lectura Misa del Dia Mi\u00e9rcoles Agosto 09 2017"},"content":{"rendered":"<p><!--\n.style1 {\n\tcolor: #009900;\n\tfont-style: italic;\n}\n--><\/p>\n<p><strong>MIERCOLES: DE XVIII SEMANA  DEL TIEMPO ORDINARIO<\/strong><\/p>\n<p><strong>N&uacute;meros: 13, 1-2. 25-14, 1. 26-29. 34-35<\/strong><\/p>\n<p class=\"style1\">Despreciaron la tierra prometida. <\/p>\n<p align=\"justify\">  En  aquellos d&iacute;as, el Se&ntilde;or le habl&oacute; a Mois&eacute;s en el desierto de Par&aacute;n y le dijo:  &quot;Env&iacute;a algunos hombres, uno por cada tribu paterna, para que exploren la  tierra de Cana&aacute;n, que le voy a dar a los hijos de Israel&quot;.<\/p>\n<p align=\"justify\">  Al cabo de cuarenta d&iacute;as volvieron los exploradores, despu&eacute;s de recorrer toda  aquella tierra. Fueron a presentarse ante Mois&eacute;s, Aar&oacute;n y toda la comunidad de  los hijos de Israel, en el desierto de Par&aacute;n, en Cades. Les mostraron los  productos del pa&iacute;s y les hicieron la siguiente relaci&oacute;n:<\/p>\n<p align=\"justify\">&quot;Fuimos al pa&iacute;s a donde nos enviaste y de veras mana leche y miel, como  puedes ver por estos frutos. Pero el pueblo que habita en el pa&iacute;s es poderoso;  las ciudades est&aacute;n fortificadas y son muy grandes y hasta hemos visto ah&iacute;  gigantes, descendientes de Anac. Los amalecitas ocupan la regi&oacute;n del sur; los  hititas, amorreos y yebuseos ocupan la monta&ntilde;a; y los cananeos, la orilla del  mar y la ribera del Jord&aacute;n&quot;.<\/p>\n<p align=\"justify\">  Caleb, uno de los exploradores, calm&oacute; al pueblo, que empezaba a criticar a  Mois&eacute;s y les dijo: &quot;Vayamos y conquistemos el pa&iacute;s, porque sin duda  podremos apoderarnos de &eacute;l&quot;. Pero los dem&aacute;s hombres que hab&iacute;an ido con  Caleb, dijeron: &quot;No podemos atacar a ese pueblo, porque es m&aacute;s fuerte que  nosotros&quot;. Y empezaron a hablar mal del pa&iacute;s que hab&iacute;an explorado,  diciendo: &quot;El pa&iacute;s que hemos recorrido y explorado, no produce lo  suficiente ni para sus propios habitantes. Toda la gente que hemos visto ah&iacute; es  muy alta. Hemos visto hasta gigantes, descendientes de Anac; junto a ellos  parec&iacute;amos saltamontes, y como tales nos ve&iacute;an ellos&quot;. Al o&iacute;r esto, toda  la comunidad se puso a gritar y se pas&oacute; llorando toda la noche.<br \/>\n  Entonces el Se&ntilde;or les habl&oacute; a Mois&eacute;s y Aar&oacute;n y les dijo: &quot;&iquest;Hasta cu&aacute;ndo va  a seguir protestando contra m&iacute; esta comunidad perversa? He o&iacute;do las quejas de  los hijos de Israel contra m&iacute;.<\/p>\n<p align=\"justify\">  Ve y diles: Por mi vida, dice el Se&ntilde;or, voy a hacer con ustedes lo que han  pedido que suceda. Por haber hablado mal de m&iacute;, morir&aacute;n en el desierto todos  los que fueron registrados en el censo, de veinte a&ntilde;os para arriba. Les juro  que no entrar&aacute;n en la tierra que promet&iacute; darles, con excepci&oacute;n de Caleb, hijo  de Yefun&eacute;, y de Josu&eacute;, hijo de Nun.<\/p>\n<p align=\"justify\">  As&iacute; como ustedes emplearon cuarenta d&iacute;as en explorar el pa&iacute;s, as&iacute; cargar&aacute;n con  sus pecados cuarenta a&ntilde;os por el desierto, a raz&oacute;n de un a&ntilde;o por d&iacute;a. As&iacute;  sabr&aacute;n lo que significa desobedecerme. Yo, el Se&ntilde;or, he hablado. Esto es lo que  har&eacute; con esta comunidad perversa, amotinada contra m&iacute;. En este desierto van a  consumirse y en &eacute;l van a morir&#8217; &quot;.&nbsp; <\/p>\n<p align=\"justify\"><strong>Del salmo 105 <\/strong><\/p>\n<p align=\"justify\" class=\"style1\">Por tu pueblo, Se&ntilde;or, acu&eacute;rdate de m&iacute;.<\/p>\n<p align=\"justify\">  Hemos pecado igual que nuestros padres, cometimos maldades e injusticias. All&aacute;  en Egipto, nuestros padres no entendieron, Se&ntilde;or, tus maravillas. R\/.<\/p>\n<p align=\"justify\">  Se olvidaron pronto de tus obras y no se fiaron de tus designios. Su apetito  era insaciable en el desierto y te provocaron, Se&ntilde;or, en la estepa. R\/.<\/p>\n<p align=\"justify\">  Se olvidaron del Dios que los salv&oacute; y que hizo portentos en Egipto, en la  tierra de Cam, mil maravillas, y en las aguas del mar Rojo, sus prodigios. R\/.<\/p>\n<p align=\"justify\">  Por eso hablaba Dios de aniquilarlos; pero Mois&eacute;s, que era su elegido, se  interpuso, a fin de que, en su c&oacute;lera, no fuera el Se&ntilde;or a destruirlos. R\/. <\/p>\n<p align=\"justify\"><strong>San Mateo: 15, 21-28<\/strong><\/p>\n<p align=\"justify\" class=\"style1\">Mujer, &iexcl;qu&eacute; grande es tu fe! <\/p>\n<p align=\"justify\">  En  aquel tiempo, Jes&uacute;s se retir&oacute; a la comarca de Tiro y Sid&oacute;n. Entonces una mujer  cananea le sali&oacute; al encuentro y se puso a gritar: &quot;Se&ntilde;or, hijo de David,  ten compasi&oacute;n de m&iacute;. Mi hija est&aacute; terriblemente atormentada por un  demonio&quot;. Jes&uacute;s no le contest&oacute; una sola palabra; pero los disc&iacute;pulos se  acercaron y le rogaban: &quot;Ati&eacute;ndela, porque viene gritando detr&aacute;s de  nosotros&quot;. &Eacute;l les contest&oacute;: &quot;Yo no he sido enviado sino a las ovejas  descarriadas de la casa de Israel&quot;.<br \/>\n  Ella se acerc&oacute; entonces a Jes&uacute;s y, postrada ante &Eacute;l, le dijo: &quot;&iexcl;Se&ntilde;or,  ay&uacute;dame!&quot; &Eacute;l le respondi&oacute;: &quot;No est&aacute; bien quitarles el pan a los hijos  para ech&aacute;rselo a los perritos&quot;. Pero ella replic&oacute;: &quot;Es cierto, Se&ntilde;or;  pero tambi&eacute;n los perritos se comen las migajas que caen de la mesa de sus  amos&quot;. Entonces Jes&uacute;s le respondi&oacute;: &quot;Mujer, &iexcl;qu&eacute; grande es tu fe! Que  se cumpla lo que deseas&quot;. Y en aquel mismo instante qued&oacute; curada su hija.&nbsp;<\/p>\n<p>Source: Lecturas para la misa de hoy<\/p>\n","protected":false},"excerpt":{"rendered":"<p>MIERCOLES: DE XVIII SEMANA DEL TIEMPO ORDINARIO N&uacute;meros: 13, 1-2. 25-14, 1. 26-29. 34-35 Despreciaron la tierra prometida. En aquellos d&iacute;as, el<span class=\"more-button\"><a href=\"https:\/\/codemar.net\/podcast\/lectura-misa-del-dia-miercoles-agosto-09-2017\/\" class=\"more-link\">Continuar lectura<span class=\"screen-reader-text\">Lectura Misa del Dia Mi\u00e9rcoles Agosto 09 2017<\/span><\/a><\/span><\/p>\n","protected":false},"author":1,"featured_media":0,"comment_status":"open","ping_status":"closed","sticky":false,"template":"","format":"standard","meta":{"episode_type":"","audio_file":"","podmotor_file_id":"","podmotor_episode_id":"","cover_image":"","cover_image_id":"","duration":"","filesize":"","filesize_raw":"","date_recorded":"","explicit":"","block":"","itunes_episode_number":"","itunes_title":"","itunes_season_number":"","itunes_episode_type":"","jetpack_post_was_ever_published":false,"_jetpack_newsletter_access":"","_jetpack_dont_email_post_to_subs":false,"_jetpack_newsletter_tier_id":0,"_jetpack_memberships_contains_paywalled_content":false,"_jetpack_memberships_contains_paid_content":false,"footnotes":"","jetpack_publicize_message":"","jetpack_publicize_feature_enabled":true,"jetpack_social_post_already_shared":false,"jetpack_social_options":{"image_generator_settings":{"template":"highway","default_image_id":0,"font":"","enabled":false},"version":2}},"categories":[23],"tags":[22],"series":[],"class_list":["post-2207","post","type-post","status-publish","format-standard","hentry","category-lectura","tag-lecturas"],"episode_featured_image":false,"episode_player_image":"https:\/\/i0.wp.com\/codemar.net\/podcast\/wp-content\/uploads\/2023\/04\/Evangelios-podcast-high-scaled.jpg?fit=2560%2C2560&ssl=1","download_link":"","player_link":"","audio_player":false,"episode_data":{"playerMode":"dark","subscribeUrls":{"apple_podcasts":{"key":"apple_podcasts","url":"https:\/\/podcasts.apple.com\/us\/podcast\/evangelio-diario\/id1485268840","label":"Apple Podcasts","class":"apple_podcasts","icon":"apple-podcasts.png"},"google_podcasts":{"key":"google_podcasts","url":"https:\/\/podcasts.google.com\/feed\/aHR0cHM6Ly9jb2RlbWFyLm5ldC9wb2RjYXN0L2ZlZWQvcG9kY2FzdA?sa=X&ved=0CAMQ9sEGahgKEwiA8KP5_6z-AhUAAAAAHQAAAAAQ4AE","label":"Google Podcasts","class":"google_podcasts","icon":"google-podcasts.png"},"spotify":{"key":"spotify","url":"https:\/\/open.spotify.com\/show\/1Q3Se9DdIlpbuLPkkftN9w","label":"Spotify","class":"spotify","icon":"spotify.png"}},"rssFeedUrl":"https:\/\/codemar.net\/podcast\/feed\/podcast\/default-podcast","embedCode":"<blockquote class=\"wp-embedded-content\" data-secret=\"IJSAbcikPA\"><a href=\"https:\/\/codemar.net\/podcast\/lectura-misa-del-dia-miercoles-agosto-09-2017\/\">Lectura Misa del Dia Mi\u00e9rcoles Agosto 09 2017<\/a><\/blockquote><iframe sandbox=\"allow-scripts\" security=\"restricted\" src=\"https:\/\/codemar.net\/podcast\/lectura-misa-del-dia-miercoles-agosto-09-2017\/embed\/#?secret=IJSAbcikPA\" width=\"500\" height=\"350\" title=\"&#8220;Lectura Misa del Dia Mi\u00e9rcoles Agosto 09 2017&#8221; &#8212; Centro Cultural Coraz\u00f3n de Mar\u00eda\" data-secret=\"IJSAbcikPA\" frameborder=\"0\" marginwidth=\"0\" marginheight=\"0\" scrolling=\"no\" class=\"wp-embedded-content\"><\/iframe><script type=\"text\/javascript\">\n\/* <![CDATA[ *\/\n\/*! This file is auto-generated *\/\n!function(d,l){\"use strict\";l.querySelector&&d.addEventListener&&\"undefined\"!=typeof URL&&(d.wp=d.wp||{},d.wp.receiveEmbedMessage||(d.wp.receiveEmbedMessage=function(e){var t=e.data;if((t||t.secret||t.message||t.value)&&!\/[^a-zA-Z0-9]\/.test(t.secret)){for(var s,r,n,a=l.querySelectorAll('iframe[data-secret=\"'+t.secret+'\"]'),o=l.querySelectorAll('blockquote[data-secret=\"'+t.secret+'\"]'),c=new RegExp(\"^https?:$\",\"i\"),i=0;i<o.length;i++)o[i].style.display=\"none\";for(i=0;i<a.length;i++)s=a[i],e.source===s.contentWindow&&(s.removeAttribute(\"style\"),\"height\"===t.message?(1e3<(r=parseInt(t.value,10))?r=1e3:~~r<200&&(r=200),s.height=r):\"link\"===t.message&&(r=new URL(s.getAttribute(\"src\")),n=new URL(t.value),c.test(n.protocol))&&n.host===r.host&&l.activeElement===s&&(d.top.location.href=t.value))}},d.addEventListener(\"message\",d.wp.receiveEmbedMessage,!1),l.addEventListener(\"DOMContentLoaded\",function(){for(var e,t,s=l.querySelectorAll(\"iframe.wp-embedded-content\"),r=0;r<s.length;r++)(t=(e=s[r]).getAttribute(\"data-secret\"))||(t=Math.random().toString(36).substring(2,12),e.src+=\"#?secret=\"+t,e.setAttribute(\"data-secret\",t)),e.contentWindow.postMessage({message:\"ready\",secret:t},\"*\")},!1)))}(window,document);\n\/\/# sourceURL=https:\/\/codemar.net\/podcast\/wp-includes\/js\/wp-embed.min.js\n\/* ]]> *\/\n<\/script>\n"},"jetpack_publicize_connections":[],"jetpack_featured_media_url":"","jetpack_shortlink":"https:\/\/wp.me\/p4bNxE-zB","jetpack_sharing_enabled":true,"_links":{"self":[{"href":"https:\/\/codemar.net\/podcast\/wp-json\/wp\/v2\/posts\/2207","targetHints":{"allow":["GET"]}}],"collection":[{"href":"https:\/\/codemar.net\/podcast\/wp-json\/wp\/v2\/posts"}],"about":[{"href":"https:\/\/codemar.net\/podcast\/wp-json\/wp\/v2\/types\/post"}],"author":[{"embeddable":true,"href":"https:\/\/codemar.net\/podcast\/wp-json\/wp\/v2\/users\/1"}],"replies":[{"embeddable":true,"href":"https:\/\/codemar.net\/podcast\/wp-json\/wp\/v2\/comments?post=2207"}],"version-history":[{"count":0,"href":"https:\/\/codemar.net\/podcast\/wp-json\/wp\/v2\/posts\/2207\/revisions"}],"wp:attachment":[{"href":"https:\/\/codemar.net\/podcast\/wp-json\/wp\/v2\/media?parent=2207"}],"wp:term":[{"taxonomy":"category","embeddable":true,"href":"https:\/\/codemar.net\/podcast\/wp-json\/wp\/v2\/categories?post=2207"},{"taxonomy":"post_tag","embeddable":true,"href":"https:\/\/codemar.net\/podcast\/wp-json\/wp\/v2\/tags?post=2207"},{"taxonomy":"series","embeddable":true,"href":"https:\/\/codemar.net\/podcast\/wp-json\/wp\/v2\/series?post=2207"}],"curies":[{"name":"wp","href":"https:\/\/api.w.org\/{rel}","templated":true}]}}