{"id":2201,"date":"2017-08-02T12:04:18","date_gmt":"2017-08-02T18:04:18","guid":{"rendered":"http:\/\/codemar.net\/podcast\/?p=2201"},"modified":"2017-08-02T12:04:18","modified_gmt":"2017-08-02T18:04:18","slug":"lectura-misa-del-dia-miercoles-agosto-02-2017","status":"publish","type":"post","link":"https:\/\/codemar.net\/podcast\/lectura-misa-del-dia-miercoles-agosto-02-2017\/","title":{"rendered":"Lectura Misa del Dia Mi\u00e9rcoles Agosto 02 2017"},"content":{"rendered":"<p><!--\n.style1 {\n\tcolor: #009900;\n\tfont-style: italic;\n}\n.style2 {\n\tcolor: #FF0000;\n\tfont-style: italic;\n}\n--><\/p>\n<p><strong>MIERCOLES: DE XVII SEMANA  DEL TIEMPO ORDINARIO<\/strong><\/p>\n<p><strong>&Eacute;xodo: 34, 29-35<\/strong> <\/p>\n<p align=\"justify\" class=\"style1\">Al ver el rostro de Mois&eacute;s, tuvieron miedo de acercarse.<\/p>\n<p align=\"justify\">  Cuando  Mois&eacute;s baj&oacute; del monte Sina&iacute; con las dos tablas de la alianza en las manos, no  sab&iacute;a que ten&iacute;a el rostro resplandeciente por haber hablado con el Se&ntilde;or.<\/p>\n<p align=\"justify\">  Aar&oacute;n y todos los hijos de Israel miraron a Mois&eacute;s, y al ver que su rostro  resplandec&iacute;a, tuvieron miedo de acerc&aacute;rsele. Pero Mois&eacute;s los llam&oacute;, y entonces  Aar&oacute;n y todos los jefes del pueblo se acercaron y Mois&eacute;s habl&oacute; con ellos. A  continuaci&oacute;n se le acercaron tambi&eacute;n todos los israelitas y &eacute;l les comunic&oacute;  todo lo que el Se&ntilde;or le hab&iacute;a ordenado en el monte Sina&iacute;. Cuando Mois&eacute;s acab&oacute;  de hablar con ellos, se cubri&oacute; el rostro con un velo.<\/p>\n<p align=\"justify\">  Siempre que Mois&eacute;s se presentaba ante el Se&ntilde;or para hablar con El, se quitaba  el velo de su rostro, y al salir, comunicaba a los israelitas lo que el Se&ntilde;or  le hab&iacute;a ordenado.<\/p>\n<p align=\"justify\">  Ellos ve&iacute;an entonces que el rostro de Mois&eacute;s resplandec&iacute;a, y Mois&eacute;s cubr&iacute;a de  nuevo su rostro, hasta que entraba a hablar otra vez con el Se&ntilde;or.<br \/>\n    <strong><\/strong><em><strong><\/strong><\/em> <br \/>\n  <strong>Del salmo 98 <\/strong><\/p>\n<p align=\"justify\" class=\"style1\"> Santo es el Se&ntilde;or, nuestro Dios.<\/p>\n<p align=\"justify\">  Alaben al Se&ntilde;or, nuestro Dios, y p&oacute;strense a sus pies, pues el Se&ntilde;or es santo.  R\/.<\/p>\n<p align=\"justify\">  Mois&eacute;s y Aar&oacute;n, entre sus sacerdotes, y Samuel, entre aquellos que lo honraban,  clamaron al Se&ntilde;or y &Eacute;l los oy&oacute;. R\/.<\/p>\n<p align=\"justify\">  Desde la columna de nubes les hablaba y ellos oyeron sus preceptos y la ley que  les dio. R\/.<\/p>\n<p align=\"justify\">  Alaben al Se&ntilde;or, a nuestro Dios, p&oacute;strense ante su monte santo, pues santo es  nuestro Dios. R\/. <\/p>\n<p align=\"justify\"><strong>San Mateo: 13, 44-46 <\/strong><\/p>\n<p class=\"style1\">El que encuentra un tesoro en un campo, vende cuanto tiene y compra aquel  campo.<\/p>\n<p>En  aquel tiempo, Jes&uacute;s dijo a la multitud: &quot;El Reino de los cielos se parece  a un tesoro escondido en un campo. El que lo encuentra lo vuelve a esconder, y  lleno de alegr&iacute;a, va y vende cuanto tiene y compra aquel campo.<br \/>\n  El Reino de los cielos se parece tambi&eacute;n a un comerciante en perlas finas que,  al encontrar una perla muy valiosa, va y vende cuanto tiene y la compra&quot;.\n<\/p>\n<p>Source: Lecturas para la misa de hoy<\/p>\n","protected":false},"excerpt":{"rendered":"<p>MIERCOLES: DE XVII SEMANA DEL TIEMPO ORDINARIO &Eacute;xodo: 34, 29-35 Al ver el rostro de Mois&eacute;s, tuvieron miedo de acercarse. Cuando Mois&eacute;s<span class=\"more-button\"><a href=\"https:\/\/codemar.net\/podcast\/lectura-misa-del-dia-miercoles-agosto-02-2017\/\" class=\"more-link\">Continuar lectura<span class=\"screen-reader-text\">Lectura Misa del Dia Mi\u00e9rcoles Agosto 02 2017<\/span><\/a><\/span><\/p>\n","protected":false},"author":1,"featured_media":0,"comment_status":"open","ping_status":"closed","sticky":false,"template":"","format":"standard","meta":{"episode_type":"","audio_file":"","podmotor_file_id":"","podmotor_episode_id":"","cover_image":"","cover_image_id":"","duration":"","filesize":"","filesize_raw":"","date_recorded":"","explicit":"","block":"","itunes_episode_number":"","itunes_title":"","itunes_season_number":"","itunes_episode_type":"","jetpack_post_was_ever_published":false,"_jetpack_newsletter_access":"","_jetpack_dont_email_post_to_subs":false,"_jetpack_newsletter_tier_id":0,"_jetpack_memberships_contains_paywalled_content":false,"_jetpack_memberships_contains_paid_content":false,"footnotes":"","jetpack_publicize_message":"","jetpack_publicize_feature_enabled":true,"jetpack_social_post_already_shared":false,"jetpack_social_options":{"image_generator_settings":{"template":"highway","default_image_id":0,"font":"","enabled":false},"version":2}},"categories":[23],"tags":[22],"series":[],"class_list":["post-2201","post","type-post","status-publish","format-standard","hentry","category-lectura","tag-lecturas"],"episode_featured_image":false,"episode_player_image":"https:\/\/i0.wp.com\/codemar.net\/podcast\/wp-content\/uploads\/2023\/04\/Evangelios-podcast-high-scaled.jpg?fit=2560%2C2560&ssl=1","download_link":"","player_link":"","audio_player":false,"episode_data":{"playerMode":"dark","subscribeUrls":{"apple_podcasts":{"key":"apple_podcasts","url":"https:\/\/podcasts.apple.com\/us\/podcast\/evangelio-diario\/id1485268840","label":"Apple Podcasts","class":"apple_podcasts","icon":"apple-podcasts.png"},"google_podcasts":{"key":"google_podcasts","url":"https:\/\/podcasts.google.com\/feed\/aHR0cHM6Ly9jb2RlbWFyLm5ldC9wb2RjYXN0L2ZlZWQvcG9kY2FzdA?sa=X&ved=0CAMQ9sEGahgKEwiA8KP5_6z-AhUAAAAAHQAAAAAQ4AE","label":"Google Podcasts","class":"google_podcasts","icon":"google-podcasts.png"},"spotify":{"key":"spotify","url":"https:\/\/open.spotify.com\/show\/1Q3Se9DdIlpbuLPkkftN9w","label":"Spotify","class":"spotify","icon":"spotify.png"}},"rssFeedUrl":"https:\/\/codemar.net\/podcast\/feed\/podcast\/default-podcast","embedCode":"<blockquote class=\"wp-embedded-content\" data-secret=\"qRepgHo2CO\"><a href=\"https:\/\/codemar.net\/podcast\/lectura-misa-del-dia-miercoles-agosto-02-2017\/\">Lectura Misa del Dia Mi\u00e9rcoles Agosto 02 2017<\/a><\/blockquote><iframe sandbox=\"allow-scripts\" security=\"restricted\" src=\"https:\/\/codemar.net\/podcast\/lectura-misa-del-dia-miercoles-agosto-02-2017\/embed\/#?secret=qRepgHo2CO\" width=\"500\" height=\"350\" title=\"&#8220;Lectura Misa del Dia Mi\u00e9rcoles Agosto 02 2017&#8221; &#8212; Centro Cultural Coraz\u00f3n de Mar\u00eda\" data-secret=\"qRepgHo2CO\" frameborder=\"0\" marginwidth=\"0\" marginheight=\"0\" scrolling=\"no\" class=\"wp-embedded-content\"><\/iframe><script type=\"text\/javascript\">\n\/* <![CDATA[ *\/\n\/*! This file is auto-generated *\/\n!function(d,l){\"use strict\";l.querySelector&&d.addEventListener&&\"undefined\"!=typeof URL&&(d.wp=d.wp||{},d.wp.receiveEmbedMessage||(d.wp.receiveEmbedMessage=function(e){var t=e.data;if((t||t.secret||t.message||t.value)&&!\/[^a-zA-Z0-9]\/.test(t.secret)){for(var s,r,n,a=l.querySelectorAll('iframe[data-secret=\"'+t.secret+'\"]'),o=l.querySelectorAll('blockquote[data-secret=\"'+t.secret+'\"]'),c=new RegExp(\"^https?:$\",\"i\"),i=0;i<o.length;i++)o[i].style.display=\"none\";for(i=0;i<a.length;i++)s=a[i],e.source===s.contentWindow&&(s.removeAttribute(\"style\"),\"height\"===t.message?(1e3<(r=parseInt(t.value,10))?r=1e3:~~r<200&&(r=200),s.height=r):\"link\"===t.message&&(r=new URL(s.getAttribute(\"src\")),n=new URL(t.value),c.test(n.protocol))&&n.host===r.host&&l.activeElement===s&&(d.top.location.href=t.value))}},d.addEventListener(\"message\",d.wp.receiveEmbedMessage,!1),l.addEventListener(\"DOMContentLoaded\",function(){for(var e,t,s=l.querySelectorAll(\"iframe.wp-embedded-content\"),r=0;r<s.length;r++)(t=(e=s[r]).getAttribute(\"data-secret\"))||(t=Math.random().toString(36).substring(2,12),e.src+=\"#?secret=\"+t,e.setAttribute(\"data-secret\",t)),e.contentWindow.postMessage({message:\"ready\",secret:t},\"*\")},!1)))}(window,document);\n\/\/# sourceURL=https:\/\/codemar.net\/podcast\/wp-includes\/js\/wp-embed.min.js\n\/* ]]> *\/\n<\/script>\n"},"jetpack_publicize_connections":[],"jetpack_featured_media_url":"","jetpack_shortlink":"https:\/\/wp.me\/p4bNxE-zv","jetpack_sharing_enabled":true,"_links":{"self":[{"href":"https:\/\/codemar.net\/podcast\/wp-json\/wp\/v2\/posts\/2201","targetHints":{"allow":["GET"]}}],"collection":[{"href":"https:\/\/codemar.net\/podcast\/wp-json\/wp\/v2\/posts"}],"about":[{"href":"https:\/\/codemar.net\/podcast\/wp-json\/wp\/v2\/types\/post"}],"author":[{"embeddable":true,"href":"https:\/\/codemar.net\/podcast\/wp-json\/wp\/v2\/users\/1"}],"replies":[{"embeddable":true,"href":"https:\/\/codemar.net\/podcast\/wp-json\/wp\/v2\/comments?post=2201"}],"version-history":[{"count":0,"href":"https:\/\/codemar.net\/podcast\/wp-json\/wp\/v2\/posts\/2201\/revisions"}],"wp:attachment":[{"href":"https:\/\/codemar.net\/podcast\/wp-json\/wp\/v2\/media?parent=2201"}],"wp:term":[{"taxonomy":"category","embeddable":true,"href":"https:\/\/codemar.net\/podcast\/wp-json\/wp\/v2\/categories?post=2201"},{"taxonomy":"post_tag","embeddable":true,"href":"https:\/\/codemar.net\/podcast\/wp-json\/wp\/v2\/tags?post=2201"},{"taxonomy":"series","embeddable":true,"href":"https:\/\/codemar.net\/podcast\/wp-json\/wp\/v2\/series?post=2201"}],"curies":[{"name":"wp","href":"https:\/\/api.w.org\/{rel}","templated":true}]}}