{"id":2186,"date":"2017-06-28T03:00:00","date_gmt":"2017-06-28T09:00:00","guid":{"rendered":"http:\/\/codemar.net\/podcast\/?p=2186"},"modified":"2017-06-28T03:00:00","modified_gmt":"2017-06-28T09:00:00","slug":"lectura-misa-del-dia-miercoles-junio-28-2017","status":"publish","type":"post","link":"https:\/\/codemar.net\/podcast\/lectura-misa-del-dia-miercoles-junio-28-2017\/","title":{"rendered":"Lectura Misa del Dia Mi\u00e9rcoles Junio 28 2017"},"content":{"rendered":"<p><!--\n.style1 {\n\tcolor: #009900;\n\tfont-style: italic;\n}\n--><\/p>\n<p><strong>MIERCOLES: DE XII SEMANA  DEL TIEMPO ORDINARIO<\/strong><\/p>\n<p><strong>G&eacute;nesis: 15, 1-12. 17-18<\/strong> <\/p>\n<p class=\"style1\">Abram crey&oacute;  lo que el Se&ntilde;or le dec&iacute;a y, por esa fe, el Se&ntilde;or lo tuvo por justo, e hizo una  alianza con &eacute;l.<\/p>\n<p align=\"justify\">  En aquel  tiempo, el Se&ntilde;or se le apareci&oacute; a Abram y le dijo: &quot;No temas, Abram. Yo  soy tu protector, y tu recompensa ser&aacute; muy grande&quot;. Abram le respondi&oacute;:  &quot;Se&ntilde;or, Se&ntilde;or m&iacute;o, &iquest;qu&eacute; me vas a poder dar, puesto que voy a morir sin  hijos? Ya que no me has dado descendientes, un criado de mi casa ser&aacute; mi  heredero&quot;.<\/p>\n<p align=\"justify\">  Pero el Se&ntilde;or le dijo: &quot;&Eacute;se no ser&aacute; tu heredero, sino uno que saldr&aacute; de  tus entra&ntilde;as&quot;. Y haci&eacute;ndolo salir de la casa, le dijo: &quot;Mira el cielo  y cuenta las estrellas, si puedes&quot;. Luego a&ntilde;adi&oacute;: &quot;As&iacute; ser&aacute; tu  descendencia&quot;. Abram crey&oacute; lo que el Se&ntilde;or le dec&iacute;a y, por esa fe, el  Se&ntilde;or lo tuvo por justo.<\/p>\n<p align=\"justify\">  Entonces le dijo: &quot;Yo soy el Se&ntilde;or, el que te sac&oacute; de Ur, ciudad de los  caldeos, para entregarte en posesi&oacute;n esta tierra&quot;. Abram replic&oacute;:  &quot;Se&ntilde;or Dios, &iquest;c&oacute;mo sabr&eacute; que voy a poseerla?&quot;. Dios le dijo:  &quot;Tr&aacute;eme una ternera, una cabra y un carnero, todos de tres a&ntilde;os; una  t&oacute;rtola y un pich&oacute;n&quot;.<\/p>\n<p align=\"justify\">  Tom&oacute; Abram aquellos animales, los parti&oacute; por la mitad y puso las mitades una  enfrente de la otra, pero no parti&oacute; las aves. Pronto comenzaron los buitres a  descender sobre los cad&aacute;veres y Abram los ahuyentaba.<\/p>\n<p align=\"justify\">  Estando ya para ponerse el sol, Abram cay&oacute; en un profundo letargo, y un terror  intenso y misterioso se apoder&oacute; de &eacute;l. Cuando se puso el sol, hubo densa oscuridad  y sucedi&oacute; que un brasero humeante y una antorcha encendida, pasaron por entre  aquellos animales partidos.<\/p>\n<p align=\"justify\">  De esta manera hizo el Se&ntilde;or, aquel d&iacute;a, una alianza con Abram, diciendo:<br \/>\n&quot;A tus descendientes doy esta tierra, desde el r&iacute;o de Egipto hasta el gran  r&iacute;o &Eacute;ufrates&quot;.<\/p>\n<p><strong>Del  salmo 104 <\/strong><\/p>\n<p class=\"style1\"> El Se&ntilde;or nunca olvida sus promesas.<\/p>\n<p>  Aclamen al Se&ntilde;or y denle gracias, canten sus maravillas a los pueblos. Entonen  en su honor himnos y cantos y celebren sus portentos. R\/.<\/p>\n<p>  Del nombre del Se&ntilde;or enorgull&eacute;zcanse y si&eacute;ntase feliz el que lo busca. Recurran  al Se&ntilde;or y a su poder, y a su presencia acudan. R\/.<\/p>\n<p>  Descendientes de Abraham, su servidor; estirpe de Jacob, su predilecto,  escuchen: el Se&ntilde;or es nuestro Dios y gobiernan la tierra sus decretos. R\/.<\/p>\n<p>  Ni aunque transcurran mil generaciones, se olvidar&aacute; el Se&ntilde;or de sus promesas,  de la alianza pactada con Abraham, del juramento a Isaac, que un d&iacute;a le  hiciera. R\/. <\/p>\n<p><strong>San Mateo: 7, 15-20<\/strong><\/p>\n<p class=\"style1\">Por sus  frutos los conocer&aacute;n <\/p>\n<p align=\"justify\">En aquel tiempo, Jes&uacute;s dijo a sus disc&iacute;pulos: &quot;Cuidado con los  falsos profetas. Se acercan a ustedes disfrazados de ovejas, pero por dentro  son lobos rapaces. Por sus frutos los conocer&aacute;n. &iquest;Acaso se recogen uvas de los  espinos o higos de los cardos?<\/p>\n<p align=\"justify\">  Todo &aacute;rbol bueno da frutos buenos y el &aacute;rbol malo da frutos malos. Un &aacute;rbol  bueno no puede producir frutos malos y un &aacute;rbol malo no puede producir frutos  buenos. Todo &aacute;rbol que no produce frutos buenos es cortado y arrojado al fuego.  As&iacute; que por sus frutos los conocer&aacute;n&quot;.<\/p>\n<p>Source: Lecturas para la misa de hoy<\/p>\n","protected":false},"excerpt":{"rendered":"<p>MIERCOLES: DE XII SEMANA DEL TIEMPO ORDINARIO G&eacute;nesis: 15, 1-12. 17-18 Abram crey&oacute; lo que el Se&ntilde;or le dec&iacute;a y, por esa<span class=\"more-button\"><a href=\"https:\/\/codemar.net\/podcast\/lectura-misa-del-dia-miercoles-junio-28-2017\/\" class=\"more-link\">Continuar lectura<span class=\"screen-reader-text\">Lectura Misa del Dia Mi\u00e9rcoles Junio 28 2017<\/span><\/a><\/span><\/p>\n","protected":false},"author":1,"featured_media":0,"comment_status":"open","ping_status":"closed","sticky":false,"template":"","format":"standard","meta":{"episode_type":"","audio_file":"","podmotor_file_id":"","podmotor_episode_id":"","cover_image":"","cover_image_id":"","duration":"","filesize":"","filesize_raw":"","date_recorded":"","explicit":"","block":"","itunes_episode_number":"","itunes_title":"","itunes_season_number":"","itunes_episode_type":"","jetpack_post_was_ever_published":false,"_jetpack_newsletter_access":"","_jetpack_dont_email_post_to_subs":false,"_jetpack_newsletter_tier_id":0,"_jetpack_memberships_contains_paywalled_content":false,"_jetpack_memberships_contains_paid_content":false,"footnotes":"","jetpack_publicize_message":"","jetpack_publicize_feature_enabled":true,"jetpack_social_post_already_shared":false,"jetpack_social_options":{"image_generator_settings":{"template":"highway","default_image_id":0,"font":"","enabled":false},"version":2}},"categories":[23],"tags":[22],"series":[],"class_list":["post-2186","post","type-post","status-publish","format-standard","hentry","category-lectura","tag-lecturas"],"episode_featured_image":false,"episode_player_image":"https:\/\/i0.wp.com\/codemar.net\/podcast\/wp-content\/uploads\/2023\/04\/Evangelios-podcast-high-scaled.jpg?fit=2560%2C2560&ssl=1","download_link":"","player_link":"","audio_player":false,"episode_data":{"playerMode":"dark","subscribeUrls":{"apple_podcasts":{"key":"apple_podcasts","url":"https:\/\/podcasts.apple.com\/us\/podcast\/evangelio-diario\/id1485268840","label":"Apple Podcasts","class":"apple_podcasts","icon":"apple-podcasts.png"},"google_podcasts":{"key":"google_podcasts","url":"https:\/\/podcasts.google.com\/feed\/aHR0cHM6Ly9jb2RlbWFyLm5ldC9wb2RjYXN0L2ZlZWQvcG9kY2FzdA?sa=X&ved=0CAMQ9sEGahgKEwiA8KP5_6z-AhUAAAAAHQAAAAAQ4AE","label":"Google Podcasts","class":"google_podcasts","icon":"google-podcasts.png"},"spotify":{"key":"spotify","url":"https:\/\/open.spotify.com\/show\/1Q3Se9DdIlpbuLPkkftN9w","label":"Spotify","class":"spotify","icon":"spotify.png"}},"rssFeedUrl":"https:\/\/codemar.net\/podcast\/feed\/podcast\/default-podcast","embedCode":"<blockquote class=\"wp-embedded-content\" data-secret=\"jaBs2xppyw\"><a href=\"https:\/\/codemar.net\/podcast\/lectura-misa-del-dia-miercoles-junio-28-2017\/\">Lectura Misa del Dia Mi\u00e9rcoles Junio 28 2017<\/a><\/blockquote><iframe sandbox=\"allow-scripts\" security=\"restricted\" src=\"https:\/\/codemar.net\/podcast\/lectura-misa-del-dia-miercoles-junio-28-2017\/embed\/#?secret=jaBs2xppyw\" width=\"500\" height=\"350\" title=\"&#8220;Lectura Misa del Dia Mi\u00e9rcoles Junio 28 2017&#8221; &#8212; Centro Cultural Coraz\u00f3n de Mar\u00eda\" data-secret=\"jaBs2xppyw\" frameborder=\"0\" marginwidth=\"0\" marginheight=\"0\" scrolling=\"no\" class=\"wp-embedded-content\"><\/iframe><script type=\"text\/javascript\">\n\/* <![CDATA[ *\/\n\/*! This file is auto-generated *\/\n!function(d,l){\"use strict\";l.querySelector&&d.addEventListener&&\"undefined\"!=typeof URL&&(d.wp=d.wp||{},d.wp.receiveEmbedMessage||(d.wp.receiveEmbedMessage=function(e){var t=e.data;if((t||t.secret||t.message||t.value)&&!\/[^a-zA-Z0-9]\/.test(t.secret)){for(var s,r,n,a=l.querySelectorAll('iframe[data-secret=\"'+t.secret+'\"]'),o=l.querySelectorAll('blockquote[data-secret=\"'+t.secret+'\"]'),c=new RegExp(\"^https?:$\",\"i\"),i=0;i<o.length;i++)o[i].style.display=\"none\";for(i=0;i<a.length;i++)s=a[i],e.source===s.contentWindow&&(s.removeAttribute(\"style\"),\"height\"===t.message?(1e3<(r=parseInt(t.value,10))?r=1e3:~~r<200&&(r=200),s.height=r):\"link\"===t.message&&(r=new URL(s.getAttribute(\"src\")),n=new URL(t.value),c.test(n.protocol))&&n.host===r.host&&l.activeElement===s&&(d.top.location.href=t.value))}},d.addEventListener(\"message\",d.wp.receiveEmbedMessage,!1),l.addEventListener(\"DOMContentLoaded\",function(){for(var e,t,s=l.querySelectorAll(\"iframe.wp-embedded-content\"),r=0;r<s.length;r++)(t=(e=s[r]).getAttribute(\"data-secret\"))||(t=Math.random().toString(36).substring(2,12),e.src+=\"#?secret=\"+t,e.setAttribute(\"data-secret\",t)),e.contentWindow.postMessage({message:\"ready\",secret:t},\"*\")},!1)))}(window,document);\n\/\/# sourceURL=https:\/\/codemar.net\/podcast\/wp-includes\/js\/wp-embed.min.js\n\/* ]]> *\/\n<\/script>\n"},"jetpack_publicize_connections":[],"jetpack_featured_media_url":"","jetpack_shortlink":"https:\/\/wp.me\/p4bNxE-zg","jetpack_sharing_enabled":true,"_links":{"self":[{"href":"https:\/\/codemar.net\/podcast\/wp-json\/wp\/v2\/posts\/2186","targetHints":{"allow":["GET"]}}],"collection":[{"href":"https:\/\/codemar.net\/podcast\/wp-json\/wp\/v2\/posts"}],"about":[{"href":"https:\/\/codemar.net\/podcast\/wp-json\/wp\/v2\/types\/post"}],"author":[{"embeddable":true,"href":"https:\/\/codemar.net\/podcast\/wp-json\/wp\/v2\/users\/1"}],"replies":[{"embeddable":true,"href":"https:\/\/codemar.net\/podcast\/wp-json\/wp\/v2\/comments?post=2186"}],"version-history":[{"count":0,"href":"https:\/\/codemar.net\/podcast\/wp-json\/wp\/v2\/posts\/2186\/revisions"}],"wp:attachment":[{"href":"https:\/\/codemar.net\/podcast\/wp-json\/wp\/v2\/media?parent=2186"}],"wp:term":[{"taxonomy":"category","embeddable":true,"href":"https:\/\/codemar.net\/podcast\/wp-json\/wp\/v2\/categories?post=2186"},{"taxonomy":"post_tag","embeddable":true,"href":"https:\/\/codemar.net\/podcast\/wp-json\/wp\/v2\/tags?post=2186"},{"taxonomy":"series","embeddable":true,"href":"https:\/\/codemar.net\/podcast\/wp-json\/wp\/v2\/series?post=2186"}],"curies":[{"name":"wp","href":"https:\/\/api.w.org\/{rel}","templated":true}]}}