{"id":2145,"date":"2017-05-17T03:00:00","date_gmt":"2017-05-17T09:00:00","guid":{"rendered":"http:\/\/codemar.net\/podcast\/?p=2145"},"modified":"2017-05-17T03:00:00","modified_gmt":"2017-05-17T09:00:00","slug":"lectura-misa-del-dia-miercoles-mayo-17-2017","status":"publish","type":"post","link":"https:\/\/codemar.net\/podcast\/lectura-misa-del-dia-miercoles-mayo-17-2017\/","title":{"rendered":"Lectura Misa del Dia Mi\u00e9rcoles Mayo 17 2017"},"content":{"rendered":"<p><strong>MIERCOLES   DE V SEMANA DE PASCUA<\/strong><\/p>\n<p><strong>Hechos : 15, 1-6<\/strong> <\/p>\n<p><strong><em>Se decidi&oacute; que Pablo y Bernab&eacute; fueran a Jerusal&eacute;n a ver a  los ap&oacute;stoles.<\/em><\/strong><\/p>\n<p align=\"justify\">  En  aquellos d&iacute;as, vinieron de Judea a Antioqu&iacute;a algunos disc&iacute;pulos y se pusieron a  ense&ntilde;ar a los hermanos que si no se circuncidaban conforme a la ley de Mois&eacute;s,  no podr&iacute;an salvarse.<\/p>\n<p align=\"justify\">  Esto provoc&oacute; un altercado y una violenta discusi&oacute;n con Pablo y Bernab&eacute;; al fin  se decidi&oacute; que Pablo, Bernab&eacute; y algunos m&aacute;s fueran a Jerusal&eacute;n para tratar el  asunto con los ap&oacute;stoles y los presb&iacute;teros. La comunidad cristiana los provey&oacute;  para el viaje, y ellos atravesaron Fenicia y Samaria, contando a los hermanos  c&oacute;mo se convert&iacute;an los paganos, y los llenaban de gozo con esta noticia.<\/p>\n<p align=\"justify\">  Al llegar a Jerusal&eacute;n, fueron recibidos por la comunidad cristiana, los  ap&oacute;stoles y los presb&iacute;teros, y ellos refirieron todo cuanto Dios hab&iacute;a hecho  por su medio. Pero algunos de los fariseos convertidos intervinieron, diciendo:  &quot;Hay que circuncidar a los paganos y exigirles que cumplan la ley de  Mois&eacute;s&quot;.<\/p>\n<p align=\"justify\">  Entonces se reunieron los ap&oacute;stoles y los presb&iacute;teros para examinar el asunto.&nbsp;<\/p>\n<p><strong>Del  salmo 121 <\/strong><\/p>\n<p><em><strong> Vayamos con alegr&iacute;a al encuentro del Se&ntilde;or. Aleluya.<\/strong><\/em><\/p>\n<p align=\"justify\">&iexcl;Qu&eacute; alegr&iacute;a sent&iacute;, cuando me dijeron: &quot;Vayamos a la casa del Se&ntilde;or&quot;!  Y hoy estamos aqu&iacute;, Jerusal&eacute;n, jubilosos, delante de tus puertas. R\/.<\/p>\n<p align=\"justify\">A ti, Jerusal&eacute;n, suben las tribus, las tribus del Se&ntilde;or, seg&uacute;n lo que a Israel  se le ha ordenado, para alabar el nombre del Se&ntilde;or. R\/.<\/p>\n<p align=\"justify\">Por el amor que tengo a mis hermanos, voy a decir: &quot;La paz est&eacute;  contigo&quot;. Y por la casa del Se&ntilde;or, mi Dios, pedir&eacute; para ti todos los  bienes. R\/. <\/p>\n<p align=\"justify\"><strong>San Juan: 15, 1-8<\/strong><\/p>\n<p><strong><em>El  que permanece en m&iacute; y yo en &eacute;l, &eacute;se da fruto abundante.<\/em> <\/strong><\/p>\n<p align=\"justify\">En aquel tiempo, Jes&uacute;s dijo a sus disc&iacute;pulos: &quot;Yo  soy la verdadera vid y mi Padre es el vi&ntilde;ador. Al sarmiento que no da fruto en  m&iacute;, &Eacute;l lo arranca, y al que da fruto lo poda para que d&eacute; m&aacute;s fruto.<\/p>\n<p align=\"justify\">  Ustedes ya est&aacute;n purificados por las palabras que les he dicho. Permanezcan en  m&iacute; y yo en ustedes. Como el sarmiento no puede dar fruto por s&iacute; mismo, si no  permanece en la vid, as&iacute; tampoco ustedes, si no permanecen en m&iacute;. Yo soy la  vid, ustedes los sarmientos; el que permanece en m&iacute; y yo en &eacute;l, &eacute;se da fruto  abundante, porque sin m&iacute; nada pueden hacer. Al que no permanece en m&iacute; se le  echa fuera, como al sarmiento, y se seca; luego lo recogen, lo arrojan al fuego  y arde. Si permanecen en m&iacute; y mis palabras permanecen en ustedes, pidan lo que  quieran y se les conceder&aacute;. La gloria de mi Padre consiste en que den mucho  fruto y se manifiesten as&iacute; como disc&iacute;pulos m&iacute;os&quot;.&nbsp;<\/p>\n<p>Source: Lecturas para la misa de hoy<\/p>\n","protected":false},"excerpt":{"rendered":"<p>MIERCOLES DE V SEMANA DE PASCUA Hechos : 15, 1-6 Se decidi&oacute; que Pablo y Bernab&eacute; fueran a Jerusal&eacute;n a ver a<span class=\"more-button\"><a href=\"https:\/\/codemar.net\/podcast\/lectura-misa-del-dia-miercoles-mayo-17-2017\/\" class=\"more-link\">Continuar lectura<span class=\"screen-reader-text\">Lectura Misa del Dia Mi\u00e9rcoles Mayo 17 2017<\/span><\/a><\/span><\/p>\n","protected":false},"author":1,"featured_media":0,"comment_status":"open","ping_status":"closed","sticky":false,"template":"","format":"standard","meta":{"episode_type":"","audio_file":"","podmotor_file_id":"","podmotor_episode_id":"","cover_image":"","cover_image_id":"","duration":"","filesize":"","filesize_raw":"","date_recorded":"","explicit":"","block":"","itunes_episode_number":"","itunes_title":"","itunes_season_number":"","itunes_episode_type":"","jetpack_post_was_ever_published":false,"_jetpack_newsletter_access":"","_jetpack_dont_email_post_to_subs":false,"_jetpack_newsletter_tier_id":0,"_jetpack_memberships_contains_paywalled_content":false,"_jetpack_memberships_contains_paid_content":false,"footnotes":"","jetpack_publicize_message":"","jetpack_publicize_feature_enabled":true,"jetpack_social_post_already_shared":false,"jetpack_social_options":{"image_generator_settings":{"template":"highway","default_image_id":0,"font":"","enabled":false},"version":2}},"categories":[23],"tags":[22],"series":[],"class_list":["post-2145","post","type-post","status-publish","format-standard","hentry","category-lectura","tag-lecturas"],"episode_featured_image":false,"episode_player_image":"https:\/\/i0.wp.com\/codemar.net\/podcast\/wp-content\/uploads\/2023\/04\/Evangelios-podcast-high-scaled.jpg?fit=2560%2C2560&ssl=1","download_link":"","player_link":"","audio_player":false,"episode_data":{"playerMode":"dark","subscribeUrls":{"apple_podcasts":{"key":"apple_podcasts","url":"https:\/\/podcasts.apple.com\/us\/podcast\/evangelio-diario\/id1485268840","label":"Apple Podcasts","class":"apple_podcasts","icon":"apple-podcasts.png"},"google_podcasts":{"key":"google_podcasts","url":"https:\/\/podcasts.google.com\/feed\/aHR0cHM6Ly9jb2RlbWFyLm5ldC9wb2RjYXN0L2ZlZWQvcG9kY2FzdA?sa=X&ved=0CAMQ9sEGahgKEwiA8KP5_6z-AhUAAAAAHQAAAAAQ4AE","label":"Google Podcasts","class":"google_podcasts","icon":"google-podcasts.png"},"spotify":{"key":"spotify","url":"https:\/\/open.spotify.com\/show\/1Q3Se9DdIlpbuLPkkftN9w","label":"Spotify","class":"spotify","icon":"spotify.png"}},"rssFeedUrl":"https:\/\/codemar.net\/podcast\/feed\/podcast\/default-podcast","embedCode":"<blockquote class=\"wp-embedded-content\" data-secret=\"9MTOfxPH69\"><a href=\"https:\/\/codemar.net\/podcast\/lectura-misa-del-dia-miercoles-mayo-17-2017\/\">Lectura Misa del Dia Mi\u00e9rcoles Mayo 17 2017<\/a><\/blockquote><iframe sandbox=\"allow-scripts\" security=\"restricted\" src=\"https:\/\/codemar.net\/podcast\/lectura-misa-del-dia-miercoles-mayo-17-2017\/embed\/#?secret=9MTOfxPH69\" width=\"500\" height=\"350\" title=\"&#8220;Lectura Misa del Dia Mi\u00e9rcoles Mayo 17 2017&#8221; &#8212; Centro Cultural Coraz\u00f3n de Mar\u00eda\" data-secret=\"9MTOfxPH69\" frameborder=\"0\" marginwidth=\"0\" marginheight=\"0\" scrolling=\"no\" class=\"wp-embedded-content\"><\/iframe><script type=\"text\/javascript\">\n\/* <![CDATA[ *\/\n\/*! This file is auto-generated *\/\n!function(d,l){\"use strict\";l.querySelector&&d.addEventListener&&\"undefined\"!=typeof URL&&(d.wp=d.wp||{},d.wp.receiveEmbedMessage||(d.wp.receiveEmbedMessage=function(e){var t=e.data;if((t||t.secret||t.message||t.value)&&!\/[^a-zA-Z0-9]\/.test(t.secret)){for(var s,r,n,a=l.querySelectorAll('iframe[data-secret=\"'+t.secret+'\"]'),o=l.querySelectorAll('blockquote[data-secret=\"'+t.secret+'\"]'),c=new RegExp(\"^https?:$\",\"i\"),i=0;i<o.length;i++)o[i].style.display=\"none\";for(i=0;i<a.length;i++)s=a[i],e.source===s.contentWindow&&(s.removeAttribute(\"style\"),\"height\"===t.message?(1e3<(r=parseInt(t.value,10))?r=1e3:~~r<200&&(r=200),s.height=r):\"link\"===t.message&&(r=new URL(s.getAttribute(\"src\")),n=new URL(t.value),c.test(n.protocol))&&n.host===r.host&&l.activeElement===s&&(d.top.location.href=t.value))}},d.addEventListener(\"message\",d.wp.receiveEmbedMessage,!1),l.addEventListener(\"DOMContentLoaded\",function(){for(var e,t,s=l.querySelectorAll(\"iframe.wp-embedded-content\"),r=0;r<s.length;r++)(t=(e=s[r]).getAttribute(\"data-secret\"))||(t=Math.random().toString(36).substring(2,12),e.src+=\"#?secret=\"+t,e.setAttribute(\"data-secret\",t)),e.contentWindow.postMessage({message:\"ready\",secret:t},\"*\")},!1)))}(window,document);\n\/\/# sourceURL=https:\/\/codemar.net\/podcast\/wp-includes\/js\/wp-embed.min.js\n\/* ]]> *\/\n<\/script>\n"},"jetpack_publicize_connections":[],"jetpack_featured_media_url":"","jetpack_shortlink":"https:\/\/wp.me\/p4bNxE-yB","jetpack_sharing_enabled":true,"_links":{"self":[{"href":"https:\/\/codemar.net\/podcast\/wp-json\/wp\/v2\/posts\/2145","targetHints":{"allow":["GET"]}}],"collection":[{"href":"https:\/\/codemar.net\/podcast\/wp-json\/wp\/v2\/posts"}],"about":[{"href":"https:\/\/codemar.net\/podcast\/wp-json\/wp\/v2\/types\/post"}],"author":[{"embeddable":true,"href":"https:\/\/codemar.net\/podcast\/wp-json\/wp\/v2\/users\/1"}],"replies":[{"embeddable":true,"href":"https:\/\/codemar.net\/podcast\/wp-json\/wp\/v2\/comments?post=2145"}],"version-history":[{"count":0,"href":"https:\/\/codemar.net\/podcast\/wp-json\/wp\/v2\/posts\/2145\/revisions"}],"wp:attachment":[{"href":"https:\/\/codemar.net\/podcast\/wp-json\/wp\/v2\/media?parent=2145"}],"wp:term":[{"taxonomy":"category","embeddable":true,"href":"https:\/\/codemar.net\/podcast\/wp-json\/wp\/v2\/categories?post=2145"},{"taxonomy":"post_tag","embeddable":true,"href":"https:\/\/codemar.net\/podcast\/wp-json\/wp\/v2\/tags?post=2145"},{"taxonomy":"series","embeddable":true,"href":"https:\/\/codemar.net\/podcast\/wp-json\/wp\/v2\/series?post=2145"}],"curies":[{"name":"wp","href":"https:\/\/api.w.org\/{rel}","templated":true}]}}