{"id":2124,"date":"2017-04-26T03:00:00","date_gmt":"2017-04-26T09:00:00","guid":{"rendered":"http:\/\/codemar.net\/podcast\/?p=2124"},"modified":"2017-04-26T03:00:00","modified_gmt":"2017-04-26T09:00:00","slug":"lectura-misa-del-dia-miercoles-abril-26-2017","status":"publish","type":"post","link":"https:\/\/codemar.net\/podcast\/lectura-misa-del-dia-miercoles-abril-26-2017\/","title":{"rendered":"Lectura Misa del Dia Mi\u00e9rcoles Abril 26 2017"},"content":{"rendered":"<p><strong>MI&Eacute;RCOLES DE II SEMANA DE PASCUA<\/strong><\/p>\n<p><strong>Hechos: 5, 17-26<\/strong> <\/p>\n<p><strong><em>Los hombres que hab&iacute;an metido en la c&aacute;rcel est&aacute;n en el  templo, ense&ntilde;ando al pueblo.<\/em><\/strong><\/p>\n<p align=\"justify\">  En  aquellos d&iacute;as, el sumo sacerdote y los de su partido, que eran los saduceos,  llenos de ira contra los ap&oacute;stoles, los mandaron aprehender y los metieron en  la c&aacute;rcel. Pero durante la noche, un &aacute;ngel del Se&ntilde;or les abri&oacute; las puertas, los  sac&oacute; de ah&iacute; y les dijo: &quot;Vayan al templo y p&oacute;nganse a ense&ntilde;ar al pueblo  todo lo referente a esta nueva vida&quot;. Para obedecer la orden, se fueron de  madrugada al templo y ah&iacute; se pusieron a ense&ntilde;ar.<\/p>\n<p align=\"justify\">  Cuando lleg&oacute; el sumo sacerdote con los de su partido convocaron al sanedr&iacute;n, es  decir, a todo el senado de los hijos de Israel, y mandaron traer de la c&aacute;rcel a  los presos. Al llegar los guardias a la c&aacute;rcel, no los hallaron y regresaron a  informar: &quot;Encontramos la c&aacute;rcel bien cerrada y a los centinelas en sus  puestos, pero al abrir no encontramos a nadie adentro&quot;.<\/p>\n<p align=\"justify\">  Al o&iacute;r estas palabras, el jefe de la guardia del templo y los sumos sacerdotes  se quedaron sin saber qu&eacute; pensar; pero en ese momento lleg&oacute; uno y les dijo:  &quot;Los hombres que hab&iacute;an metido en la c&aacute;rcel est&aacute;n en el templo, ense&ntilde;ando  al pueblo&quot;.<\/p>\n<p align=\"justify\">  Entonces el jefe de la guardia, con sus hombres, trajo a los ap&oacute;stoles, pero  sin violencia, porque tem&iacute;an ser apedreados por el pueblo.<\/p>\n<p align=\"justify\"><strong>Del  salmo 33 <\/strong><\/p>\n<p align=\"justify\"><strong><em> Haz la prueba y ver&aacute;s qu&eacute; bueno es el Se&ntilde;or. Aleluya.<\/em><\/strong><\/p>\n<p align=\"justify\">Bendecir&eacute; al Se&ntilde;or a todas horas, no cesar&aacute; mi boca de  alabarlo. Yo me siento orgulloso del Se&ntilde;or, que se alegre su pueblo al  escucharlo. R\/.<\/p>\n<p align=\"justify\">  Proclamemos la grandeza del Se&ntilde;or y alabemos todos juntos su poder. Cuando  acud&iacute; al Se&ntilde;or, me hizo caso y me libr&oacute; de todos mis temores. R\/.<\/p>\n<p align=\"justify\">  Conf&iacute;a en el Se&ntilde;or y saltar&aacute;s de gusto, jam&aacute;s te sentir&aacute;s decepcionado, porque  el Se&ntilde;or escucha el clamor de los pobres y los libra de todas sus angustias. R\/.<\/p>\n<p align=\"justify\">  Junto a aquellos que temen al Se&ntilde;or el &aacute;ngel del Se&ntilde;or acampa y los protege. Haz  la prueba y ver&aacute;s qu&eacute; bueno es el Se&ntilde;or. Dichoso el hombre que se refugia en  &Eacute;l. R\/. <\/p>\n<p align=\"justify\"><strong>San Juan: 3, 16-21<\/strong><\/p>\n<p><em><strong>Dios envi&oacute; a su Hijo al mundo para que el mundo se salve por &Eacute;l. <\/strong><\/em><\/p>\n<p align=\"justify\">&quot;Tanto am&oacute; Dios al mundo, que le entreg&oacute; a su Hijo &uacute;nico, para que todo el  que crea en &Eacute;l no perezca, sino que tenga vida eterna. Porque Dios no envi&oacute; a  su Hijo para condenar al mundo, sino para que el mundo se salvara por &Eacute;l. El  que cree en &Eacute;l no ser&aacute; condenado; pero el que no cree ya est&aacute; condenado por no  haber cre&iacute;do en el Hijo &uacute;nico de Dios.<\/p>\n<p align=\"justify\">  La causa de la condenaci&oacute;n es &eacute;sta: habiendo venido la luz al mundo, los  hombres prefirieron las tinieblas a la luz, porque sus obras eran malas. Todo  aquel que hace el mal, aborrece la luz y no se acerca a ella, para que sus  obras no se descubran. En cambio, el que obra el bien conforme a la verdad, se  acerca a la luz, para que se vea que sus obras est&aacute;n hechas seg&uacute;n Dios&quot;.\n<\/p>\n<p>Source: Lecturas para la misa de hoy<\/p>\n","protected":false},"excerpt":{"rendered":"<p>MI&Eacute;RCOLES DE II SEMANA DE PASCUA Hechos: 5, 17-26 Los hombres que hab&iacute;an metido en la c&aacute;rcel est&aacute;n en el templo, ense&ntilde;ando<span class=\"more-button\"><a href=\"https:\/\/codemar.net\/podcast\/lectura-misa-del-dia-miercoles-abril-26-2017\/\" class=\"more-link\">Continuar lectura<span class=\"screen-reader-text\">Lectura Misa del Dia Mi\u00e9rcoles Abril 26 2017<\/span><\/a><\/span><\/p>\n","protected":false},"author":1,"featured_media":0,"comment_status":"open","ping_status":"closed","sticky":false,"template":"","format":"standard","meta":{"episode_type":"","audio_file":"","podmotor_file_id":"","podmotor_episode_id":"","cover_image":"","cover_image_id":"","duration":"","filesize":"","filesize_raw":"","date_recorded":"","explicit":"","block":"","itunes_episode_number":"","itunes_title":"","itunes_season_number":"","itunes_episode_type":"","jetpack_post_was_ever_published":false,"_jetpack_newsletter_access":"","_jetpack_dont_email_post_to_subs":false,"_jetpack_newsletter_tier_id":0,"_jetpack_memberships_contains_paywalled_content":false,"_jetpack_memberships_contains_paid_content":false,"footnotes":"","jetpack_publicize_message":"","jetpack_publicize_feature_enabled":true,"jetpack_social_post_already_shared":false,"jetpack_social_options":{"image_generator_settings":{"template":"highway","default_image_id":0,"font":"","enabled":false},"version":2}},"categories":[23],"tags":[22],"series":[],"class_list":["post-2124","post","type-post","status-publish","format-standard","hentry","category-lectura","tag-lecturas"],"episode_featured_image":false,"episode_player_image":"https:\/\/i0.wp.com\/codemar.net\/podcast\/wp-content\/uploads\/2023\/04\/Evangelios-podcast-high-scaled.jpg?fit=2560%2C2560&ssl=1","download_link":"","player_link":"","audio_player":false,"episode_data":{"playerMode":"dark","subscribeUrls":{"apple_podcasts":{"key":"apple_podcasts","url":"https:\/\/podcasts.apple.com\/us\/podcast\/evangelio-diario\/id1485268840","label":"Apple Podcasts","class":"apple_podcasts","icon":"apple-podcasts.png"},"google_podcasts":{"key":"google_podcasts","url":"https:\/\/podcasts.google.com\/feed\/aHR0cHM6Ly9jb2RlbWFyLm5ldC9wb2RjYXN0L2ZlZWQvcG9kY2FzdA?sa=X&ved=0CAMQ9sEGahgKEwiA8KP5_6z-AhUAAAAAHQAAAAAQ4AE","label":"Google Podcasts","class":"google_podcasts","icon":"google-podcasts.png"},"spotify":{"key":"spotify","url":"https:\/\/open.spotify.com\/show\/1Q3Se9DdIlpbuLPkkftN9w","label":"Spotify","class":"spotify","icon":"spotify.png"}},"rssFeedUrl":"https:\/\/codemar.net\/podcast\/feed\/podcast\/default-podcast","embedCode":"<blockquote class=\"wp-embedded-content\" data-secret=\"rYQyPPJduM\"><a href=\"https:\/\/codemar.net\/podcast\/lectura-misa-del-dia-miercoles-abril-26-2017\/\">Lectura Misa del Dia Mi\u00e9rcoles Abril 26 2017<\/a><\/blockquote><iframe sandbox=\"allow-scripts\" security=\"restricted\" src=\"https:\/\/codemar.net\/podcast\/lectura-misa-del-dia-miercoles-abril-26-2017\/embed\/#?secret=rYQyPPJduM\" width=\"500\" height=\"350\" title=\"&#8220;Lectura Misa del Dia Mi\u00e9rcoles Abril 26 2017&#8221; &#8212; Centro Cultural Coraz\u00f3n de Mar\u00eda\" data-secret=\"rYQyPPJduM\" frameborder=\"0\" marginwidth=\"0\" marginheight=\"0\" scrolling=\"no\" class=\"wp-embedded-content\"><\/iframe><script type=\"text\/javascript\">\n\/* <![CDATA[ *\/\n\/*! This file is auto-generated *\/\n!function(d,l){\"use strict\";l.querySelector&&d.addEventListener&&\"undefined\"!=typeof URL&&(d.wp=d.wp||{},d.wp.receiveEmbedMessage||(d.wp.receiveEmbedMessage=function(e){var t=e.data;if((t||t.secret||t.message||t.value)&&!\/[^a-zA-Z0-9]\/.test(t.secret)){for(var s,r,n,a=l.querySelectorAll('iframe[data-secret=\"'+t.secret+'\"]'),o=l.querySelectorAll('blockquote[data-secret=\"'+t.secret+'\"]'),c=new RegExp(\"^https?:$\",\"i\"),i=0;i<o.length;i++)o[i].style.display=\"none\";for(i=0;i<a.length;i++)s=a[i],e.source===s.contentWindow&&(s.removeAttribute(\"style\"),\"height\"===t.message?(1e3<(r=parseInt(t.value,10))?r=1e3:~~r<200&&(r=200),s.height=r):\"link\"===t.message&&(r=new URL(s.getAttribute(\"src\")),n=new URL(t.value),c.test(n.protocol))&&n.host===r.host&&l.activeElement===s&&(d.top.location.href=t.value))}},d.addEventListener(\"message\",d.wp.receiveEmbedMessage,!1),l.addEventListener(\"DOMContentLoaded\",function(){for(var e,t,s=l.querySelectorAll(\"iframe.wp-embedded-content\"),r=0;r<s.length;r++)(t=(e=s[r]).getAttribute(\"data-secret\"))||(t=Math.random().toString(36).substring(2,12),e.src+=\"#?secret=\"+t,e.setAttribute(\"data-secret\",t)),e.contentWindow.postMessage({message:\"ready\",secret:t},\"*\")},!1)))}(window,document);\n\/\/# sourceURL=https:\/\/codemar.net\/podcast\/wp-includes\/js\/wp-embed.min.js\n\/* ]]> *\/\n<\/script>\n"},"jetpack_publicize_connections":[],"jetpack_featured_media_url":"","jetpack_shortlink":"https:\/\/wp.me\/p4bNxE-yg","jetpack_sharing_enabled":true,"_links":{"self":[{"href":"https:\/\/codemar.net\/podcast\/wp-json\/wp\/v2\/posts\/2124","targetHints":{"allow":["GET"]}}],"collection":[{"href":"https:\/\/codemar.net\/podcast\/wp-json\/wp\/v2\/posts"}],"about":[{"href":"https:\/\/codemar.net\/podcast\/wp-json\/wp\/v2\/types\/post"}],"author":[{"embeddable":true,"href":"https:\/\/codemar.net\/podcast\/wp-json\/wp\/v2\/users\/1"}],"replies":[{"embeddable":true,"href":"https:\/\/codemar.net\/podcast\/wp-json\/wp\/v2\/comments?post=2124"}],"version-history":[{"count":0,"href":"https:\/\/codemar.net\/podcast\/wp-json\/wp\/v2\/posts\/2124\/revisions"}],"wp:attachment":[{"href":"https:\/\/codemar.net\/podcast\/wp-json\/wp\/v2\/media?parent=2124"}],"wp:term":[{"taxonomy":"category","embeddable":true,"href":"https:\/\/codemar.net\/podcast\/wp-json\/wp\/v2\/categories?post=2124"},{"taxonomy":"post_tag","embeddable":true,"href":"https:\/\/codemar.net\/podcast\/wp-json\/wp\/v2\/tags?post=2124"},{"taxonomy":"series","embeddable":true,"href":"https:\/\/codemar.net\/podcast\/wp-json\/wp\/v2\/series?post=2124"}],"curies":[{"name":"wp","href":"https:\/\/api.w.org\/{rel}","templated":true}]}}