{"id":2118,"date":"2017-04-19T03:00:00","date_gmt":"2017-04-19T09:00:00","guid":{"rendered":"http:\/\/codemar.net\/podcast\/?p=2118"},"modified":"2017-04-19T03:00:00","modified_gmt":"2017-04-19T09:00:00","slug":"lectura-misa-del-dia-miercoles-abril-19-2017","status":"publish","type":"post","link":"https:\/\/codemar.net\/podcast\/lectura-misa-del-dia-miercoles-abril-19-2017\/","title":{"rendered":"Lectura Misa del Dia Mi\u00e9rcoles Abril 19 2017"},"content":{"rendered":"<p><strong>Mi&eacute;rcoles de la Octava de Pascua<\/strong><\/p>\n<p><strong>Hechos: 3, 1-10<\/strong> <\/p>\n<p><strong><em>Te voy a dar lo que tengo: En el nombre de Jes&uacute;s, camina.<\/em><\/strong><\/p>\n<p align=\"justify\">  En aquel tiempo, Pedro y Juan subieron al templo para la  oraci&oacute;n vespertina, a eso de las tres de la tarde. Hab&iacute;a all&iacute; un hombre lisiado  de nacimiento, a quien diariamente llevaban y pon&iacute;an ante la puerta llamada la  &quot;Hermosa&quot;, para que pidiera limosna a los que entraban en el templo.  Aquel hombre, al ver a Pedro y a Juan cuando iban a entrar, les pidi&oacute; limosna.  Pedro y Juan fijaron en &eacute;l los ojos, y Pedro le dijo: &quot;M&iacute;ranos&quot;. El  hombre se qued&oacute; mir&aacute;ndolos en espera de que le dieran algo. Entonces Pedro le  dijo: &quot;No tengo ni oro ni plata, pero te voy a dar lo que tengo: En el  nombre de Jesucristo nazareno, lev&aacute;ntate y camina&quot;. Y, tom&aacute;ndolo de la  mano, lo incorpor&oacute;.<\/p>\n<p align=\"justify\">  Al instante sus pies y sus tobillos adquirieron firmeza. De un salto se puso de  pie, empez&oacute; a andar y entr&oacute; con ellos al templo caminando, saltando y alabando  a Dios.<\/p>\n<p align=\"justify\">  Todo el pueblo lo vio caminar y alabar a Dios, y al darse cuenta de que era el  mismo que ped&iacute;a limosna sentado junto a la puerta &quot;Hermosa&quot; del  templo, quedaron llenos de miedo y no sal&iacute;an de su asombro por lo que hab&iacute;a  sucedido.<strong>&nbsp;<\/strong><\/p>\n<p><strong>Del salmo 104 <\/strong><\/p>\n<p><em><strong> Cantemos al Se&ntilde;or con alegr&iacute;a. Aleluya.<\/strong><\/em><\/p>\n<p align=\"justify\">  Aclamen al Se&ntilde;or y denle gracias, relaten sus prodigios a los pueblos. Entonen  en su honor himnos y cantos, celebren sus portentos. R\/.<\/p>\n<p align=\"justify\">  Del nombre del Se&ntilde;or enorgull&eacute;zcanse y si&eacute;ntase feliz el que lo busca. Recurran  al Se&ntilde;or y a su poder y a su presencia acudan. R\/.<\/p>\n<p align=\"justify\">  Descendientes de Abraham, su servidor, estirpe de Jacob, su predilecto,  escuchen: el Se&ntilde;or es nuestro Dios y gobiernan la tierra sus decretos. R\/.<\/p>\n<p align=\"justify\">  Ni aunque transcurran mil generaciones, se olvidar&aacute; el Se&ntilde;or de sus promesas,  de la alianza pactada con Abraham, del juramento a Isaac, que un d&iacute;a le  hiciera. R\/. <\/p>\n<p><strong>San Lucas: 24, 13-35<\/strong><\/p>\n<p><strong><em>Lo reconocieron al partir el pan.<\/em> <\/strong><\/p>\n<p align=\"justify\">El mismo d&iacute;a de la resurrecci&oacute;n, iban dos de los  disc&iacute;pulos hacia un pueblo llamado Ema&uacute;s, situado a unos once kil&oacute;metros de  Jerusal&eacute;n, y comentaban todo lo que hab&iacute;a sucedido.<\/p>\n<p align=\"justify\">  Mientras conversaban y discut&iacute;an, Jes&uacute;s se les acerc&oacute; y comenz&oacute; a caminar con  ellos; pero los ojos de los dos disc&iacute;pulos estaban velados y no lo  reconocieron. &Eacute;l les pregunt&oacute;: &quot;&iquest;De qu&eacute; cosas vienen hablando, tan llenos  de tristeza?&quot;.<\/p>\n<p align=\"justify\">  Uno de ellos, llamado Cleof&aacute;s, le respondi&oacute;: &quot;&iquest;Eres t&uacute; el &uacute;nico forastero  que no sabe lo que ha sucedido estos d&iacute;as en Jerusal&eacute;n?&quot;. &Eacute;l les pregunt&oacute;:  &quot;&iquest;Qu&eacute; cosa?&quot;. Ellos le respondieron: &quot;Lo de Jes&uacute;s el nazareno,  que era un profeta poderoso en obras y palabras, ante Dios y ante todo el  pueblo. C&oacute;mo los sumos sacerdotes y nuestros jefes lo entregaron para que lo  condenaran a muerte, y lo crucificaron. Nosotros esper&aacute;bamos que &Eacute;l ser&iacute;a el  libertador de Israel, y sin embargo, han pasado ya tres d&iacute;as desde que estas  cosas sucedieron. Es cierto que algunas mujeres de nuestro grupo nos han  desconcertado, pues fueron de madrugada al sepulcro, no encontraron el cuerpo y  llegaron contando que se les hab&iacute;an aparecido unos &aacute;ngeles, que les dijeron que  estaba vivo. Algunos de nuestros compa&ntilde;eros fueron al sepulcro y hallaron todo  como hab&iacute;an dicho las mujeres, pero a &Eacute;l no lo vieron&quot;.<\/p>\n<p align=\"justify\">  Entonces Jes&uacute;s les dijo: &quot;&iexcl;Qu&eacute; insensatos son ustedes y qu&eacute; duros de  coraz&oacute;n para creer todo lo anunciado por los profetas! &iquest;Acaso no era necesario  que el Mes&iacute;as padeciera todo esto y as&iacute; entrara en su gloria?&quot;. Y  comenzando por Mois&eacute;s y siguiendo con todos los profetas, les explic&oacute; todos los  pasajes de la Escritura que se refer&iacute;an a &Eacute;l.<\/p>\n<p align=\"justify\">  Ya cerca del pueblo a donde se dirig&iacute;an, &Eacute;l hizo como que iba m&aacute;s lejos; pero  ellos le insistieron, diciendo: &quot;Qu&eacute;date con nosotros, porque ya es tarde  y pronto va a oscurecer&quot;. Y entr&oacute; para quedarse con ellos. Cuando estaban  a la mesa, tom&oacute; un pan, pronunci&oacute; la bendici&oacute;n, lo parti&oacute; y se lo dio. Entonces  se les abrieron los ojos y lo reconocieron, pero &Eacute;l se les desapareci&oacute;. Y ellos  se dec&iacute;an el uno al otro: &quot;&iexcl;Con raz&oacute;n nuestro coraz&oacute;n ard&iacute;a, mientras nos  hablaba por el camino y nos explicaba las Escrituras!&quot;.<\/p>\n<p align=\"justify\">  Se levantaron inmediatamente y regresaron a Jerusal&eacute;n, donde encontraron  reunidos a los Once con sus compa&ntilde;eros, los cuales les dijeron: &quot;De veras  ha resucitado el Se&ntilde;or y se le ha aparecido a Sim&oacute;n&quot;. Entonces ellos  contaron lo que les hab&iacute;a pasado en el camino y c&oacute;mo lo hab&iacute;an reconocido al  partir el pan.<\/p>\n<p>Source: Lecturas para la misa de hoy<\/p>\n","protected":false},"excerpt":{"rendered":"<p>Mi&eacute;rcoles de la Octava de Pascua Hechos: 3, 1-10 Te voy a dar lo que tengo: En el nombre de Jes&uacute;s, camina.<span class=\"more-button\"><a href=\"https:\/\/codemar.net\/podcast\/lectura-misa-del-dia-miercoles-abril-19-2017\/\" class=\"more-link\">Continuar lectura<span class=\"screen-reader-text\">Lectura Misa del Dia Mi\u00e9rcoles Abril 19 2017<\/span><\/a><\/span><\/p>\n","protected":false},"author":1,"featured_media":0,"comment_status":"open","ping_status":"closed","sticky":false,"template":"","format":"standard","meta":{"episode_type":"","audio_file":"","podmotor_file_id":"","podmotor_episode_id":"","cover_image":"","cover_image_id":"","duration":"","filesize":"","filesize_raw":"","date_recorded":"","explicit":"","block":"","itunes_episode_number":"","itunes_title":"","itunes_season_number":"","itunes_episode_type":"","jetpack_post_was_ever_published":false,"_jetpack_newsletter_access":"","_jetpack_dont_email_post_to_subs":false,"_jetpack_newsletter_tier_id":0,"_jetpack_memberships_contains_paywalled_content":false,"_jetpack_memberships_contains_paid_content":false,"footnotes":"","jetpack_publicize_message":"","jetpack_publicize_feature_enabled":true,"jetpack_social_post_already_shared":false,"jetpack_social_options":{"image_generator_settings":{"template":"highway","default_image_id":0,"font":"","enabled":false},"version":2}},"categories":[23],"tags":[22],"series":[],"class_list":["post-2118","post","type-post","status-publish","format-standard","hentry","category-lectura","tag-lecturas"],"episode_featured_image":false,"episode_player_image":"https:\/\/i0.wp.com\/codemar.net\/podcast\/wp-content\/uploads\/2023\/04\/Evangelios-podcast-high-scaled.jpg?fit=2560%2C2560&ssl=1","download_link":"","player_link":"","audio_player":false,"episode_data":{"playerMode":"dark","subscribeUrls":{"apple_podcasts":{"key":"apple_podcasts","url":"https:\/\/podcasts.apple.com\/us\/podcast\/evangelio-diario\/id1485268840","label":"Apple Podcasts","class":"apple_podcasts","icon":"apple-podcasts.png"},"google_podcasts":{"key":"google_podcasts","url":"https:\/\/podcasts.google.com\/feed\/aHR0cHM6Ly9jb2RlbWFyLm5ldC9wb2RjYXN0L2ZlZWQvcG9kY2FzdA?sa=X&ved=0CAMQ9sEGahgKEwiA8KP5_6z-AhUAAAAAHQAAAAAQ4AE","label":"Google Podcasts","class":"google_podcasts","icon":"google-podcasts.png"},"spotify":{"key":"spotify","url":"https:\/\/open.spotify.com\/show\/1Q3Se9DdIlpbuLPkkftN9w","label":"Spotify","class":"spotify","icon":"spotify.png"}},"rssFeedUrl":"https:\/\/codemar.net\/podcast\/feed\/podcast\/default-podcast","embedCode":"<blockquote class=\"wp-embedded-content\" data-secret=\"Cy9EgccDuM\"><a href=\"https:\/\/codemar.net\/podcast\/lectura-misa-del-dia-miercoles-abril-19-2017\/\">Lectura Misa del Dia Mi\u00e9rcoles Abril 19 2017<\/a><\/blockquote><iframe sandbox=\"allow-scripts\" security=\"restricted\" src=\"https:\/\/codemar.net\/podcast\/lectura-misa-del-dia-miercoles-abril-19-2017\/embed\/#?secret=Cy9EgccDuM\" width=\"500\" height=\"350\" title=\"&#8220;Lectura Misa del Dia Mi\u00e9rcoles Abril 19 2017&#8221; &#8212; Centro Cultural Coraz\u00f3n de Mar\u00eda\" data-secret=\"Cy9EgccDuM\" frameborder=\"0\" marginwidth=\"0\" marginheight=\"0\" scrolling=\"no\" class=\"wp-embedded-content\"><\/iframe><script type=\"text\/javascript\">\n\/* <![CDATA[ *\/\n\/*! This file is auto-generated *\/\n!function(d,l){\"use strict\";l.querySelector&&d.addEventListener&&\"undefined\"!=typeof URL&&(d.wp=d.wp||{},d.wp.receiveEmbedMessage||(d.wp.receiveEmbedMessage=function(e){var t=e.data;if((t||t.secret||t.message||t.value)&&!\/[^a-zA-Z0-9]\/.test(t.secret)){for(var s,r,n,a=l.querySelectorAll('iframe[data-secret=\"'+t.secret+'\"]'),o=l.querySelectorAll('blockquote[data-secret=\"'+t.secret+'\"]'),c=new RegExp(\"^https?:$\",\"i\"),i=0;i<o.length;i++)o[i].style.display=\"none\";for(i=0;i<a.length;i++)s=a[i],e.source===s.contentWindow&&(s.removeAttribute(\"style\"),\"height\"===t.message?(1e3<(r=parseInt(t.value,10))?r=1e3:~~r<200&&(r=200),s.height=r):\"link\"===t.message&&(r=new URL(s.getAttribute(\"src\")),n=new URL(t.value),c.test(n.protocol))&&n.host===r.host&&l.activeElement===s&&(d.top.location.href=t.value))}},d.addEventListener(\"message\",d.wp.receiveEmbedMessage,!1),l.addEventListener(\"DOMContentLoaded\",function(){for(var e,t,s=l.querySelectorAll(\"iframe.wp-embedded-content\"),r=0;r<s.length;r++)(t=(e=s[r]).getAttribute(\"data-secret\"))||(t=Math.random().toString(36).substring(2,12),e.src+=\"#?secret=\"+t,e.setAttribute(\"data-secret\",t)),e.contentWindow.postMessage({message:\"ready\",secret:t},\"*\")},!1)))}(window,document);\n\/\/# sourceURL=https:\/\/codemar.net\/podcast\/wp-includes\/js\/wp-embed.min.js\n\/* ]]> *\/\n<\/script>\n"},"jetpack_publicize_connections":[],"jetpack_featured_media_url":"","jetpack_shortlink":"https:\/\/wp.me\/p4bNxE-ya","jetpack_sharing_enabled":true,"_links":{"self":[{"href":"https:\/\/codemar.net\/podcast\/wp-json\/wp\/v2\/posts\/2118","targetHints":{"allow":["GET"]}}],"collection":[{"href":"https:\/\/codemar.net\/podcast\/wp-json\/wp\/v2\/posts"}],"about":[{"href":"https:\/\/codemar.net\/podcast\/wp-json\/wp\/v2\/types\/post"}],"author":[{"embeddable":true,"href":"https:\/\/codemar.net\/podcast\/wp-json\/wp\/v2\/users\/1"}],"replies":[{"embeddable":true,"href":"https:\/\/codemar.net\/podcast\/wp-json\/wp\/v2\/comments?post=2118"}],"version-history":[{"count":0,"href":"https:\/\/codemar.net\/podcast\/wp-json\/wp\/v2\/posts\/2118\/revisions"}],"wp:attachment":[{"href":"https:\/\/codemar.net\/podcast\/wp-json\/wp\/v2\/media?parent=2118"}],"wp:term":[{"taxonomy":"category","embeddable":true,"href":"https:\/\/codemar.net\/podcast\/wp-json\/wp\/v2\/categories?post=2118"},{"taxonomy":"post_tag","embeddable":true,"href":"https:\/\/codemar.net\/podcast\/wp-json\/wp\/v2\/tags?post=2118"},{"taxonomy":"series","embeddable":true,"href":"https:\/\/codemar.net\/podcast\/wp-json\/wp\/v2\/series?post=2118"}],"curies":[{"name":"wp","href":"https:\/\/api.w.org\/{rel}","templated":true}]}}