{"id":2097,"date":"2017-03-29T13:04:09","date_gmt":"2017-03-29T19:04:09","guid":{"rendered":"http:\/\/codemar.net\/podcast\/?p=2097"},"modified":"2017-03-29T13:04:09","modified_gmt":"2017-03-29T19:04:09","slug":"lectura-misa-del-dia-miercoles-marzo-29-2017","status":"publish","type":"post","link":"https:\/\/codemar.net\/podcast\/lectura-misa-del-dia-miercoles-marzo-29-2017\/","title":{"rendered":"Lectura Misa del Dia Mi\u00e9rcoles Marzo 29 2017"},"content":{"rendered":"<p><!--\n.style1 {\n\tcolor: #660099;\n\tfont-style: italic;\n}\n.style2 {color: #660099;\n\tfont-weight: bold;\n}\n--><\/p>\n<p><span class=\"style2\">MIERCOLES  IV SEMANA DE CUARESMA<\/span><\/p>\n<p><strong>Isa&iacute;as: 49, 8-15<\/strong> <\/p>\n<p class=\"style1\">Te constitu&iacute; como alianza para el pueblo, para restaurar  la tierra.<\/p>\n<p align=\"justify\">  Esto dice el Se&ntilde;or: &quot;En el tiempo de la misericordia  te escuch&eacute;, en el d&iacute;a de la salvaci&oacute;n te auxili&eacute;. Yo te form&eacute; y te he destinado  para que seas alianza del pueblo: para restaurar la tierra, para volver a  ocupar los hogares destruidos, para decir a los prisioneros: &#8216;Salgan&#8217;, y a los  que est&aacute;n en tinieblas: &#8216;Vengan a la luz&#8217;.<\/p>\n<p align=\"justify\">  Pastar&aacute;n de regreso a lo largo de todos los caminos, hallar&aacute;n pasto hasta en  las dunas del desierto. No sufrir&aacute;n hambre ni sed, no los afligir&aacute; el sol ni el  calor, porque el que tiene piedad de ellos los conducir&aacute; a los manantiales.  Convertir&eacute; en caminos todas las monta&ntilde;as y pondr&aacute;n terrapl&eacute;n a mis calzadas.  Miren: &eacute;stos vienen de lejos; aquellos, del norte y del poniente, y aquellos  otros, de la tierra de Senim&quot;. Griten de alegr&iacute;a, cielos; regoc&iacute;jate,  tierra; rompan a cantar, monta&ntilde;as, porque el Se&ntilde;or consuela a su pueblo y tiene  misericordia de los desamparados.<\/p>\n<p align=\"justify\">&quot;Si&oacute;n hab&iacute;a dicho: &#8216;El Se&ntilde;or me ha abandonado, el Se&ntilde;or me tiene en el  olvido&#8217;. &iquest;Puede acaso una madre olvidarse de su criatura hasta dejar de  enternecerse por el hijo de sus entra&ntilde;as? Aunque hubiera una madre que se  olvidara, yo nunca me olvidar&eacute; de ti&quot;, dice el Se&ntilde;or todopoderoso.&nbsp; <\/p>\n<p><strong>Del salmo 144 <\/strong><\/p>\n<p class=\"style1\"> El Se&ntilde;or es compasivo y misericordioso. <\/p>\n<p align=\"justify\">  El Se&ntilde;or es compasivo y misericordioso, lento para  enojarse y generoso para perdonar. Bueno es el Se&ntilde;or para con todos y su amor  se extiende a todas sus creaturas. R\/.&nbsp;<\/p>\n<p align=\"justify\">  El Se&ntilde;or es siempre fiel a sus palabras y bondadoso en todas sus acciones. Da  su apoyo el Se&ntilde;or al que tropieza y al agobiado alivia. R\/.<\/p>\n<p align=\"justify\">  Siempre es justo el Se&ntilde;or en sus designios y est&aacute;n llenas de amor todas sus  obras. No est&aacute; lejos de aquellos que lo buscan; muy cerca est&aacute; el Se&ntilde;or, de  quien lo invoca. R\/. <\/p>\n<p><strong>San Juan: 5, 17-30<\/strong><\/p>\n<p class=\"style1\">Como el Padre resucita a los muertos y les da vida, as&iacute;  el Hijo da la vida a quien &Eacute;l quiere d&aacute;rsela.<\/p>\n<p align=\"justify\">  En aquel tiempo, Jes&uacute;s dijo a los jud&iacute;os (que lo  persegu&iacute;an por hacer curaciones en s&aacute;bado): &quot;Mi Padre trabaja siempre y yo  tambi&eacute;n trabajo&quot;. Por eso los jud&iacute;os buscaban con mayor empe&ntilde;o darle  muerte, ya que no s&oacute;lo violaba el s&aacute;bado, sino que llamaba Padre suyo a Dios,  igual&aacute;ndose as&iacute; con Dios. Entonces Jes&uacute;s les habl&oacute; en estos t&eacute;rminos: &quot;Yo  les aseguro: El Hijo no puede hacer nada por su cuenta y s&oacute;lo hace lo que le ve  hacer al Padre; lo que hace el Padre tambi&eacute;n lo hace el Hijo. El Padre ama al  Hijo y le manifiesta todo lo que hace; le manifestar&aacute; obras todav&iacute;a mayores que  &eacute;stas, para asombro de ustedes. As&iacute; como el Padre resucita a los muertos y les  da la vida, as&iacute; tambi&eacute;n el Hijo da la vida a quien &Eacute;l quiere d&aacute;rsela. El Padre  no juzga a nadie, porque todo juicio se lo ha dado al Hijo, para que todos  honren al Hijo, como honran al Padre. El que no honra al Hijo tampoco honra al  Padre. Yo les aseguro que, quien escucha mi palabra y cree en el que me envi&oacute;,  tiene vida eterna y no ser&aacute; condenado en el juicio, porque ya pas&oacute; de la muerte  a la vida. Les aseguro que viene la hora, y ya est&aacute; aqu&iacute;, en que los muertos  oir&aacute;n la voz del Hijo de Dios, y los que la hayan o&iacute;do vivir&aacute;n. Pues as&iacute; como  el Padre tiene la vida en s&iacute; mismo, tambi&eacute;n le ha dado al Hijo tener la vida en  s&iacute; mismo; y le ha dado el poder de juzgar, porque es el Hijo del hombre. No se  asombren de esto, porque viene la hora en que todos los que yacen en la tumba  oir&aacute;n mi voz y resucitar&aacute;n: los que hicieron el bien para la vida; los que  hicieron el mal, para la condenaci&oacute;n. Yo nada puedo hacer por m&iacute; mismo. Seg&uacute;n  lo que oigo, juzgo; y mi juicio es justo, porque no busco mi voluntad, sino la  voluntad del que me envi&oacute;&quot;. <\/p>\n<p>Source: Lecturas para la misa de hoy<\/p>\n","protected":false},"excerpt":{"rendered":"<p>MIERCOLES IV SEMANA DE CUARESMA Isa&iacute;as: 49, 8-15 Te constitu&iacute; como alianza para el pueblo, para restaurar la tierra. Esto dice el<span class=\"more-button\"><a href=\"https:\/\/codemar.net\/podcast\/lectura-misa-del-dia-miercoles-marzo-29-2017\/\" class=\"more-link\">Continuar lectura<span class=\"screen-reader-text\">Lectura Misa del Dia Mi\u00e9rcoles Marzo 29 2017<\/span><\/a><\/span><\/p>\n","protected":false},"author":1,"featured_media":0,"comment_status":"open","ping_status":"closed","sticky":false,"template":"","format":"standard","meta":{"episode_type":"","audio_file":"","podmotor_file_id":"","podmotor_episode_id":"","cover_image":"","cover_image_id":"","duration":"","filesize":"","filesize_raw":"","date_recorded":"","explicit":"","block":"","itunes_episode_number":"","itunes_title":"","itunes_season_number":"","itunes_episode_type":"","jetpack_post_was_ever_published":false,"_jetpack_newsletter_access":"","_jetpack_dont_email_post_to_subs":false,"_jetpack_newsletter_tier_id":0,"_jetpack_memberships_contains_paywalled_content":false,"_jetpack_memberships_contains_paid_content":false,"footnotes":"","jetpack_publicize_message":"","jetpack_publicize_feature_enabled":true,"jetpack_social_post_already_shared":false,"jetpack_social_options":{"image_generator_settings":{"template":"highway","default_image_id":0,"font":"","enabled":false},"version":2}},"categories":[23],"tags":[22],"series":[],"class_list":["post-2097","post","type-post","status-publish","format-standard","hentry","category-lectura","tag-lecturas"],"episode_featured_image":false,"episode_player_image":"https:\/\/i0.wp.com\/codemar.net\/podcast\/wp-content\/uploads\/2023\/04\/Evangelios-podcast-high-scaled.jpg?fit=2560%2C2560&ssl=1","download_link":"","player_link":"","audio_player":false,"episode_data":{"playerMode":"dark","subscribeUrls":{"apple_podcasts":{"key":"apple_podcasts","url":"https:\/\/podcasts.apple.com\/us\/podcast\/evangelio-diario\/id1485268840","label":"Apple Podcasts","class":"apple_podcasts","icon":"apple-podcasts.png"},"google_podcasts":{"key":"google_podcasts","url":"https:\/\/podcasts.google.com\/feed\/aHR0cHM6Ly9jb2RlbWFyLm5ldC9wb2RjYXN0L2ZlZWQvcG9kY2FzdA?sa=X&ved=0CAMQ9sEGahgKEwiA8KP5_6z-AhUAAAAAHQAAAAAQ4AE","label":"Google Podcasts","class":"google_podcasts","icon":"google-podcasts.png"},"spotify":{"key":"spotify","url":"https:\/\/open.spotify.com\/show\/1Q3Se9DdIlpbuLPkkftN9w","label":"Spotify","class":"spotify","icon":"spotify.png"}},"rssFeedUrl":"https:\/\/codemar.net\/podcast\/feed\/podcast\/default-podcast","embedCode":"<blockquote class=\"wp-embedded-content\" data-secret=\"DR8dCB1i7F\"><a href=\"https:\/\/codemar.net\/podcast\/lectura-misa-del-dia-miercoles-marzo-29-2017\/\">Lectura Misa del Dia Mi\u00e9rcoles Marzo 29 2017<\/a><\/blockquote><iframe sandbox=\"allow-scripts\" security=\"restricted\" src=\"https:\/\/codemar.net\/podcast\/lectura-misa-del-dia-miercoles-marzo-29-2017\/embed\/#?secret=DR8dCB1i7F\" width=\"500\" height=\"350\" title=\"&#8220;Lectura Misa del Dia Mi\u00e9rcoles Marzo 29 2017&#8221; &#8212; Centro Cultural Coraz\u00f3n de Mar\u00eda\" data-secret=\"DR8dCB1i7F\" frameborder=\"0\" marginwidth=\"0\" marginheight=\"0\" scrolling=\"no\" class=\"wp-embedded-content\"><\/iframe><script type=\"text\/javascript\">\n\/* <![CDATA[ *\/\n\/*! This file is auto-generated *\/\n!function(d,l){\"use strict\";l.querySelector&&d.addEventListener&&\"undefined\"!=typeof URL&&(d.wp=d.wp||{},d.wp.receiveEmbedMessage||(d.wp.receiveEmbedMessage=function(e){var t=e.data;if((t||t.secret||t.message||t.value)&&!\/[^a-zA-Z0-9]\/.test(t.secret)){for(var s,r,n,a=l.querySelectorAll('iframe[data-secret=\"'+t.secret+'\"]'),o=l.querySelectorAll('blockquote[data-secret=\"'+t.secret+'\"]'),c=new RegExp(\"^https?:$\",\"i\"),i=0;i<o.length;i++)o[i].style.display=\"none\";for(i=0;i<a.length;i++)s=a[i],e.source===s.contentWindow&&(s.removeAttribute(\"style\"),\"height\"===t.message?(1e3<(r=parseInt(t.value,10))?r=1e3:~~r<200&&(r=200),s.height=r):\"link\"===t.message&&(r=new URL(s.getAttribute(\"src\")),n=new URL(t.value),c.test(n.protocol))&&n.host===r.host&&l.activeElement===s&&(d.top.location.href=t.value))}},d.addEventListener(\"message\",d.wp.receiveEmbedMessage,!1),l.addEventListener(\"DOMContentLoaded\",function(){for(var e,t,s=l.querySelectorAll(\"iframe.wp-embedded-content\"),r=0;r<s.length;r++)(t=(e=s[r]).getAttribute(\"data-secret\"))||(t=Math.random().toString(36).substring(2,12),e.src+=\"#?secret=\"+t,e.setAttribute(\"data-secret\",t)),e.contentWindow.postMessage({message:\"ready\",secret:t},\"*\")},!1)))}(window,document);\n\/\/# sourceURL=https:\/\/codemar.net\/podcast\/wp-includes\/js\/wp-embed.min.js\n\/* ]]> *\/\n<\/script>\n"},"jetpack_publicize_connections":[],"jetpack_featured_media_url":"","jetpack_shortlink":"https:\/\/wp.me\/p4bNxE-xP","jetpack_sharing_enabled":true,"_links":{"self":[{"href":"https:\/\/codemar.net\/podcast\/wp-json\/wp\/v2\/posts\/2097","targetHints":{"allow":["GET"]}}],"collection":[{"href":"https:\/\/codemar.net\/podcast\/wp-json\/wp\/v2\/posts"}],"about":[{"href":"https:\/\/codemar.net\/podcast\/wp-json\/wp\/v2\/types\/post"}],"author":[{"embeddable":true,"href":"https:\/\/codemar.net\/podcast\/wp-json\/wp\/v2\/users\/1"}],"replies":[{"embeddable":true,"href":"https:\/\/codemar.net\/podcast\/wp-json\/wp\/v2\/comments?post=2097"}],"version-history":[{"count":0,"href":"https:\/\/codemar.net\/podcast\/wp-json\/wp\/v2\/posts\/2097\/revisions"}],"wp:attachment":[{"href":"https:\/\/codemar.net\/podcast\/wp-json\/wp\/v2\/media?parent=2097"}],"wp:term":[{"taxonomy":"category","embeddable":true,"href":"https:\/\/codemar.net\/podcast\/wp-json\/wp\/v2\/categories?post=2097"},{"taxonomy":"post_tag","embeddable":true,"href":"https:\/\/codemar.net\/podcast\/wp-json\/wp\/v2\/tags?post=2097"},{"taxonomy":"series","embeddable":true,"href":"https:\/\/codemar.net\/podcast\/wp-json\/wp\/v2\/series?post=2097"}],"curies":[{"name":"wp","href":"https:\/\/api.w.org\/{rel}","templated":true}]}}