{"id":2084,"date":"2017-03-15T03:00:00","date_gmt":"2017-03-15T09:00:00","guid":{"rendered":"http:\/\/codemar.net\/podcast\/?p=2084"},"modified":"2017-03-15T03:00:00","modified_gmt":"2017-03-15T09:00:00","slug":"lectura-misa-del-dia-miercoles-marzo-15-2017","status":"publish","type":"post","link":"https:\/\/codemar.net\/podcast\/lectura-misa-del-dia-miercoles-marzo-15-2017\/","title":{"rendered":"Lectura Misa del Dia Mi\u00e9rcoles Marzo 15 2017"},"content":{"rendered":"<p><!--\n.style2 {color: #660099; font-style: italic; }\n.style4 {color: #9900CC}\n--><\/p>\n<p><span class=\"style4\"><strong>MIERCOLES  II SEMANA CUARESMA <\/strong><\/span><\/p>\n<p><strong>Jerem&iacute;as: 18, 18-20<\/strong> <\/p>\n<p class=\"style2\">Vengan, ataquemos al justo.<\/p>\n<p align=\"justify\">  En aquellos d&iacute;as, los enemigos del profeta se dijeron  entre s&iacute;: &quot;Vengan, tendamos un lazo a Jerem&iacute;as, porque no le va a faltar  doctrina al sacerdote, consejo al sabio, ni inspiraci&oacute;n al profeta. Vengan,  ataqu&eacute;moslo de palabra y no hagamos caso de sus or&aacute;culos&quot;.<\/p>\n<p align=\"justify\">  Jerem&iacute;as le dijo entonces a Dios: &quot;Se&ntilde;or, ati&eacute;ndeme. Oye lo que dicen mis  adversarios. &iquest;Acaso se paga bien con mal? Porque ellos han cavado una fosa para  m&iacute;. Recuerda c&oacute;mo he insistido ante ti, intercediendo en su favor, para apartar  de ellos tu c&oacute;lera&quot;.&nbsp; <\/p>\n<p><strong>Del salmo 30 <\/strong><\/p>\n<p class=\"style2\"> S&aacute;lvame, Se&ntilde;or, por tu misericordia.<\/p>\n<p align=\"justify\">  S&aacute;came, Se&ntilde;or, de la trampa que me han tendido, porque t&uacute; eres mi amparo. En  tus manos encomiendo mi esp&iacute;ritu y t&uacute;, mi Dios leal, me librar&aacute;s. R\/.<\/p>\n<p align=\"justify\">  Oigo las burlas de la gente y todo me da miedo; se conjuran contra m&iacute; y tratan  de quitarme la vida. R\/.<\/p>\n<p align=\"justify\">  Pero yo, Se&ntilde;or, en ti conf&iacute;o. T&uacute; eres mi Dios y en tus manos est&aacute; mi destino.  L&iacute;brame de los enemigos que me persiguen. R\/. <\/p>\n<p><strong>San Mateo: 20, 17-28<\/strong> <\/p>\n<p class=\"style2\">Lo condenar&aacute;n a muerte.<\/p>\n<p align=\"justify\">  En aquel tiempo, mientras iba de camino a Jerusal&eacute;n,  Jes&uacute;s llam&oacute; aparte a los Doce y les dijo: &quot;Ya vamos camino de Jerusal&eacute;n y  el Hijo del hombre va a ser entregado a los sumos sacerdotes y a los escribas,  que lo condenar&aacute;n a muerte y lo entregar&aacute;n a los paganos para que se burlen de  &Eacute;l, lo azoten y lo crucifiquen; pero al tercer d&iacute;a, resu-citar&aacute;&quot;.<\/p>\n<p align=\"justify\">  Entonces se acerc&oacute; a Jes&uacute;s la madre de los hijos de Zebedeo, junto con ellos, y  se postr&oacute; para hacerle una petici&oacute;n. &Eacute;l le pregunt&oacute;: &quot;&iquest;Qu&eacute; deseas?&quot;.  Ella respondi&oacute;: &quot;Conc&eacute;deme que estos dos hijos m&iacute;os se sienten, uno a tu  derecha y el otro a tu izquierda, en tu Reino&quot;. Pero Jes&uacute;s replic&oacute;:  &quot;No saben ustedes lo que piden. &iquest;Podr&aacute;n be-ber el c&aacute;liz que yo he de  beber?&quot;. Ellos contestaron: &quot;S&iacute; podemos&quot;. Y &Eacute;l les dijo:  &quot;Beber&aacute;n mi c&aacute;liz; pero eso de sentarse a mi derecha o a mi izquierda no  me toca a m&iacute; concederlo; es para quien mi Padre lo tiene reservado&quot;.<\/p>\n<p align=\"justify\">  Al o&iacute;r aquello, los otros diez disc&iacute;pulos se indignaron contra los dos  hermanos. Pero Jes&uacute;s los llam&oacute; y les dijo: &quot;Ya saben que los jefes de los  pueblos los tiranizan y que los grandes los oprimen. Que no sea as&iacute; entre  ustedes. El que quiera ser grande entre ustedes, que sea el que los sirva, y el  que quiera ser primero, que sea su esclavo; as&iacute; como el Hijo del hombre no ha  venido a ser servido, sino a servir y a dar la vida por la redenci&oacute;n de  todos&quot;.\n<\/p>\n<p>Source: Lecturas para la misa de hoy<\/p>\n","protected":false},"excerpt":{"rendered":"<p>MIERCOLES II SEMANA CUARESMA Jerem&iacute;as: 18, 18-20 Vengan, ataquemos al justo. En aquellos d&iacute;as, los enemigos del profeta se dijeron entre s&iacute;:<span class=\"more-button\"><a href=\"https:\/\/codemar.net\/podcast\/lectura-misa-del-dia-miercoles-marzo-15-2017\/\" class=\"more-link\">Continuar lectura<span class=\"screen-reader-text\">Lectura Misa del Dia Mi\u00e9rcoles Marzo 15 2017<\/span><\/a><\/span><\/p>\n","protected":false},"author":1,"featured_media":0,"comment_status":"open","ping_status":"closed","sticky":false,"template":"","format":"standard","meta":{"episode_type":"","audio_file":"","podmotor_file_id":"","podmotor_episode_id":"","cover_image":"","cover_image_id":"","duration":"","filesize":"","filesize_raw":"","date_recorded":"","explicit":"","block":"","itunes_episode_number":"","itunes_title":"","itunes_season_number":"","itunes_episode_type":"","jetpack_post_was_ever_published":false,"_jetpack_newsletter_access":"","_jetpack_dont_email_post_to_subs":false,"_jetpack_newsletter_tier_id":0,"_jetpack_memberships_contains_paywalled_content":false,"_jetpack_memberships_contains_paid_content":false,"footnotes":"","jetpack_publicize_message":"","jetpack_publicize_feature_enabled":true,"jetpack_social_post_already_shared":false,"jetpack_social_options":{"image_generator_settings":{"template":"highway","default_image_id":0,"font":"","enabled":false},"version":2}},"categories":[23],"tags":[22],"series":[],"class_list":["post-2084","post","type-post","status-publish","format-standard","hentry","category-lectura","tag-lecturas"],"episode_featured_image":false,"episode_player_image":"https:\/\/i0.wp.com\/codemar.net\/podcast\/wp-content\/uploads\/2023\/04\/Evangelios-podcast-high-scaled.jpg?fit=2560%2C2560&ssl=1","download_link":"","player_link":"","audio_player":false,"episode_data":{"playerMode":"dark","subscribeUrls":{"apple_podcasts":{"key":"apple_podcasts","url":"https:\/\/podcasts.apple.com\/us\/podcast\/evangelio-diario\/id1485268840","label":"Apple Podcasts","class":"apple_podcasts","icon":"apple-podcasts.png"},"google_podcasts":{"key":"google_podcasts","url":"https:\/\/podcasts.google.com\/feed\/aHR0cHM6Ly9jb2RlbWFyLm5ldC9wb2RjYXN0L2ZlZWQvcG9kY2FzdA?sa=X&ved=0CAMQ9sEGahgKEwiA8KP5_6z-AhUAAAAAHQAAAAAQ4AE","label":"Google Podcasts","class":"google_podcasts","icon":"google-podcasts.png"},"spotify":{"key":"spotify","url":"https:\/\/open.spotify.com\/show\/1Q3Se9DdIlpbuLPkkftN9w","label":"Spotify","class":"spotify","icon":"spotify.png"}},"rssFeedUrl":"https:\/\/codemar.net\/podcast\/feed\/podcast\/default-podcast","embedCode":"<blockquote class=\"wp-embedded-content\" data-secret=\"vW8hzIkMCv\"><a href=\"https:\/\/codemar.net\/podcast\/lectura-misa-del-dia-miercoles-marzo-15-2017\/\">Lectura Misa del Dia Mi\u00e9rcoles Marzo 15 2017<\/a><\/blockquote><iframe sandbox=\"allow-scripts\" security=\"restricted\" src=\"https:\/\/codemar.net\/podcast\/lectura-misa-del-dia-miercoles-marzo-15-2017\/embed\/#?secret=vW8hzIkMCv\" width=\"500\" height=\"350\" title=\"&#8220;Lectura Misa del Dia Mi\u00e9rcoles Marzo 15 2017&#8221; &#8212; Centro Cultural Coraz\u00f3n de Mar\u00eda\" data-secret=\"vW8hzIkMCv\" frameborder=\"0\" marginwidth=\"0\" marginheight=\"0\" scrolling=\"no\" class=\"wp-embedded-content\"><\/iframe><script type=\"text\/javascript\">\n\/* <![CDATA[ *\/\n\/*! This file is auto-generated *\/\n!function(d,l){\"use strict\";l.querySelector&&d.addEventListener&&\"undefined\"!=typeof URL&&(d.wp=d.wp||{},d.wp.receiveEmbedMessage||(d.wp.receiveEmbedMessage=function(e){var t=e.data;if((t||t.secret||t.message||t.value)&&!\/[^a-zA-Z0-9]\/.test(t.secret)){for(var s,r,n,a=l.querySelectorAll('iframe[data-secret=\"'+t.secret+'\"]'),o=l.querySelectorAll('blockquote[data-secret=\"'+t.secret+'\"]'),c=new RegExp(\"^https?:$\",\"i\"),i=0;i<o.length;i++)o[i].style.display=\"none\";for(i=0;i<a.length;i++)s=a[i],e.source===s.contentWindow&&(s.removeAttribute(\"style\"),\"height\"===t.message?(1e3<(r=parseInt(t.value,10))?r=1e3:~~r<200&&(r=200),s.height=r):\"link\"===t.message&&(r=new URL(s.getAttribute(\"src\")),n=new URL(t.value),c.test(n.protocol))&&n.host===r.host&&l.activeElement===s&&(d.top.location.href=t.value))}},d.addEventListener(\"message\",d.wp.receiveEmbedMessage,!1),l.addEventListener(\"DOMContentLoaded\",function(){for(var e,t,s=l.querySelectorAll(\"iframe.wp-embedded-content\"),r=0;r<s.length;r++)(t=(e=s[r]).getAttribute(\"data-secret\"))||(t=Math.random().toString(36).substring(2,12),e.src+=\"#?secret=\"+t,e.setAttribute(\"data-secret\",t)),e.contentWindow.postMessage({message:\"ready\",secret:t},\"*\")},!1)))}(window,document);\n\/\/# sourceURL=https:\/\/codemar.net\/podcast\/wp-includes\/js\/wp-embed.min.js\n\/* ]]> *\/\n<\/script>\n"},"jetpack_publicize_connections":[],"jetpack_featured_media_url":"","jetpack_shortlink":"https:\/\/wp.me\/p4bNxE-xC","jetpack_sharing_enabled":true,"_links":{"self":[{"href":"https:\/\/codemar.net\/podcast\/wp-json\/wp\/v2\/posts\/2084","targetHints":{"allow":["GET"]}}],"collection":[{"href":"https:\/\/codemar.net\/podcast\/wp-json\/wp\/v2\/posts"}],"about":[{"href":"https:\/\/codemar.net\/podcast\/wp-json\/wp\/v2\/types\/post"}],"author":[{"embeddable":true,"href":"https:\/\/codemar.net\/podcast\/wp-json\/wp\/v2\/users\/1"}],"replies":[{"embeddable":true,"href":"https:\/\/codemar.net\/podcast\/wp-json\/wp\/v2\/comments?post=2084"}],"version-history":[{"count":0,"href":"https:\/\/codemar.net\/podcast\/wp-json\/wp\/v2\/posts\/2084\/revisions"}],"wp:attachment":[{"href":"https:\/\/codemar.net\/podcast\/wp-json\/wp\/v2\/media?parent=2084"}],"wp:term":[{"taxonomy":"category","embeddable":true,"href":"https:\/\/codemar.net\/podcast\/wp-json\/wp\/v2\/categories?post=2084"},{"taxonomy":"post_tag","embeddable":true,"href":"https:\/\/codemar.net\/podcast\/wp-json\/wp\/v2\/tags?post=2084"},{"taxonomy":"series","embeddable":true,"href":"https:\/\/codemar.net\/podcast\/wp-json\/wp\/v2\/series?post=2084"}],"curies":[{"name":"wp","href":"https:\/\/api.w.org\/{rel}","templated":true}]}}