{"id":1733,"date":"2016-07-20T03:00:00","date_gmt":"2016-07-20T09:00:00","guid":{"rendered":"http:\/\/codemar.net\/podcast\/?p=1733"},"modified":"2016-07-20T03:00:00","modified_gmt":"2016-07-20T09:00:00","slug":"lectura-misa-del-dia-miercoles-julio-20-2016","status":"publish","type":"post","link":"https:\/\/codemar.net\/podcast\/lectura-misa-del-dia-miercoles-julio-20-2016\/","title":{"rendered":"Lectura Misa del Dia Mi\u00e9rcoles Julio 20 2016"},"content":{"rendered":"<p><!--\n.style4 {\n\tcolor: #009900;\n\tfont-style: italic;\n}\n--><\/p>\n<p><strong>Miercoles: de la XVI semana del Tiempo ordinario<\/strong><\/p>\n<p><strong>Jerem&iacute;as: 1, 1. 4-10<\/strong><\/p>\n<p class=\"style4\">Te consagr&eacute; como profeta para las naciones.<\/p>\n<p align=\"justify\">Palabras de Jerem&iacute;as, hijo de Jilqu&iacute;as, uno de los sacerdotes residentes en Anatot, territorio de Benjam&iacute;n.<\/p>\n<p align=\"justify\">  En tiempo de Jos&iacute;as, el Se&ntilde;or me dirigi&oacute; estas palabras: &quot;Desde antes de formarte en el seno materno, te conozco; desde antes de que nacieras, te consagr&eacute; como profeta para las naciones&quot;. Yo le contest&eacute;: &quot;Pero, Se&ntilde;or m&iacute;o, yo no s&eacute; expresarme, porque apenas soy un muchacho&quot;.<\/p>\n<p align=\"justify\">  El Se&ntilde;or me dijo: &quot;No digas que eres un muchacho, pues ir&aacute;s a donde yo te env&iacute;e y dir&aacute;s lo que yo te mande. No tengas miedo, porque yo estoy contigo para protegerte&quot;, lo dice el Se&ntilde;or. El Se&ntilde;or extendi&oacute; entonces su brazo, con su mano me toc&oacute; la boca y me dijo: &quot;Desde hoy pongo mis palabras en tu boca y te doy autoridad sobre pueblos y reyes, para que arranques y derribes, para que destruyas y deshagas, para que edifiques y plantes&quot;.<\/p>\n<p><strong>Del salmo 70 <\/strong><\/p>\n<p class=\"style4\">R\/. Se&ntilde;or, t&uacute; eres mi esperanza.<\/p>\n<p>  Se&ntilde;or, t&uacute; eres mi esperanza, que no quede yo jam&aacute;s defraudado. T&uacute; que eres justo, ay&uacute;dame y defi&eacute;ndeme; escucha mi oraci&oacute;n y ponme a salvo. R\/.<\/p>\n<p>  S&eacute; para m&iacute; un refugio, ciudad fortificada en que me salves. Y pues eres mi auxilio y mi defensa, l&iacute;brame, Se&ntilde;or, de los malvados. R\/.<\/p>\n<p>  Se&ntilde;or, t&uacute; eres mi esperanza; desde mi juventud en ti conf&iacute;o. Desde que estaba en el seno de mi madre, yo me apoyaba en ti y t&uacute; me sosten&iacute;as. R\/.<\/p>\n<p>  Yo proclamar&eacute; siempre tu justicia y a todas horas, tu misericordia. Me ense&ntilde;aste a alabarte desde ni&ntilde;o y seguir alab&aacute;ndote es mi orgullo. R\/.<\/p>\n<p><strong>San Mateo: 13, 1-9<\/strong><\/p>\n<p class=\"style4\">Algunos granos dieron el ciento por uno.<\/p>\n<p align=\"justify\">Un d&iacute;a sali&oacute; Jes&uacute;s de la casa donde se hospedaba y se sent&oacute; a la orilla del mar. Se reuni&oacute; en torno suyo tanta gente, que &Eacute;l se vio obligado a subir a una barca, donde se sent&oacute;, mientras la gente permanec&iacute;a en la orilla. Entonces Jes&uacute;s les habl&oacute; de muchas cosas en par&aacute;bolas y les dijo:<\/p>\n<p align=\"justify\">&quot;Una vez sali&oacute; un sembrador a sembrar, y al ir arrojando la semilla, unos granos cayeron a lo largo del camino; vinieron los p&aacute;jaros y se los comieron. Otros granos cayeron en terreno pedregoso, que ten&iacute;a poca tierra; ah&iacute; germinaron pronto, porque la tierra no era gruesa; pero cuando subi&oacute; el sol, los brotes se marchitaron, y como no ten&iacute;an ra&iacute;ces, se secaron. Otros cayeron entre espinos, y cuando los espinos crecieron, sofocaron las plantitas. Otros granos cayeron en tierra buena y dieron fruto: unos, ciento por uno; otros, sesenta; y otros, treinta. El que tenga o&iacute;dos, que oiga&quot;.<\/p>\n<p>Source: Lecturas para la misa de hoy<\/p>\n","protected":false},"excerpt":{"rendered":"<p>Miercoles: de la XVI semana del Tiempo ordinario Jerem&iacute;as: 1, 1. 4-10 Te consagr&eacute; como profeta para las naciones. Palabras de Jerem&iacute;as,<span class=\"more-button\"><a href=\"https:\/\/codemar.net\/podcast\/lectura-misa-del-dia-miercoles-julio-20-2016\/\" class=\"more-link\">Continuar lectura<span class=\"screen-reader-text\">Lectura Misa del Dia Mi\u00e9rcoles Julio 20 2016<\/span><\/a><\/span><\/p>\n","protected":false},"author":1,"featured_media":0,"comment_status":"open","ping_status":"open","sticky":false,"template":"","format":"standard","meta":{"episode_type":"","audio_file":"","podmotor_file_id":"","podmotor_episode_id":"","cover_image":"","cover_image_id":"","duration":"","filesize":"","filesize_raw":"","date_recorded":"","explicit":"","block":"","itunes_episode_number":"","itunes_title":"","itunes_season_number":"","itunes_episode_type":"","jetpack_post_was_ever_published":false,"_jetpack_newsletter_access":"","_jetpack_dont_email_post_to_subs":false,"_jetpack_newsletter_tier_id":0,"_jetpack_memberships_contains_paywalled_content":false,"_jetpack_memberships_contains_paid_content":false,"footnotes":"","jetpack_publicize_message":"","jetpack_publicize_feature_enabled":true,"jetpack_social_post_already_shared":false,"jetpack_social_options":{"image_generator_settings":{"template":"highway","default_image_id":0,"font":"","enabled":false},"version":2}},"categories":[23],"tags":[22],"series":[],"class_list":["post-1733","post","type-post","status-publish","format-standard","hentry","category-lectura","tag-lecturas"],"episode_featured_image":false,"episode_player_image":"https:\/\/i0.wp.com\/codemar.net\/podcast\/wp-content\/uploads\/2023\/04\/Evangelios-podcast-high-scaled.jpg?fit=2560%2C2560&ssl=1","download_link":"","player_link":"","audio_player":false,"episode_data":{"playerMode":"dark","subscribeUrls":{"apple_podcasts":{"key":"apple_podcasts","url":"https:\/\/podcasts.apple.com\/us\/podcast\/evangelio-diario\/id1485268840","label":"Apple Podcasts","class":"apple_podcasts","icon":"apple-podcasts.png"},"google_podcasts":{"key":"google_podcasts","url":"https:\/\/podcasts.google.com\/feed\/aHR0cHM6Ly9jb2RlbWFyLm5ldC9wb2RjYXN0L2ZlZWQvcG9kY2FzdA?sa=X&ved=0CAMQ9sEGahgKEwiA8KP5_6z-AhUAAAAAHQAAAAAQ4AE","label":"Google Podcasts","class":"google_podcasts","icon":"google-podcasts.png"},"spotify":{"key":"spotify","url":"https:\/\/open.spotify.com\/show\/1Q3Se9DdIlpbuLPkkftN9w","label":"Spotify","class":"spotify","icon":"spotify.png"}},"rssFeedUrl":"https:\/\/codemar.net\/podcast\/feed\/podcast\/default-podcast","embedCode":"<blockquote class=\"wp-embedded-content\" data-secret=\"RqRSJam8Tu\"><a href=\"https:\/\/codemar.net\/podcast\/lectura-misa-del-dia-miercoles-julio-20-2016\/\">Lectura Misa del Dia Mi\u00e9rcoles Julio 20 2016<\/a><\/blockquote><iframe sandbox=\"allow-scripts\" security=\"restricted\" src=\"https:\/\/codemar.net\/podcast\/lectura-misa-del-dia-miercoles-julio-20-2016\/embed\/#?secret=RqRSJam8Tu\" width=\"500\" height=\"350\" title=\"&#8220;Lectura Misa del Dia Mi\u00e9rcoles Julio 20 2016&#8221; &#8212; Centro Cultural Coraz\u00f3n de Mar\u00eda\" data-secret=\"RqRSJam8Tu\" frameborder=\"0\" marginwidth=\"0\" marginheight=\"0\" scrolling=\"no\" class=\"wp-embedded-content\"><\/iframe><script type=\"text\/javascript\">\n\/* <![CDATA[ *\/\n\/*! This file is auto-generated *\/\n!function(d,l){\"use strict\";l.querySelector&&d.addEventListener&&\"undefined\"!=typeof URL&&(d.wp=d.wp||{},d.wp.receiveEmbedMessage||(d.wp.receiveEmbedMessage=function(e){var t=e.data;if((t||t.secret||t.message||t.value)&&!\/[^a-zA-Z0-9]\/.test(t.secret)){for(var s,r,n,a=l.querySelectorAll('iframe[data-secret=\"'+t.secret+'\"]'),o=l.querySelectorAll('blockquote[data-secret=\"'+t.secret+'\"]'),c=new RegExp(\"^https?:$\",\"i\"),i=0;i<o.length;i++)o[i].style.display=\"none\";for(i=0;i<a.length;i++)s=a[i],e.source===s.contentWindow&&(s.removeAttribute(\"style\"),\"height\"===t.message?(1e3<(r=parseInt(t.value,10))?r=1e3:~~r<200&&(r=200),s.height=r):\"link\"===t.message&&(r=new URL(s.getAttribute(\"src\")),n=new URL(t.value),c.test(n.protocol))&&n.host===r.host&&l.activeElement===s&&(d.top.location.href=t.value))}},d.addEventListener(\"message\",d.wp.receiveEmbedMessage,!1),l.addEventListener(\"DOMContentLoaded\",function(){for(var e,t,s=l.querySelectorAll(\"iframe.wp-embedded-content\"),r=0;r<s.length;r++)(t=(e=s[r]).getAttribute(\"data-secret\"))||(t=Math.random().toString(36).substring(2,12),e.src+=\"#?secret=\"+t,e.setAttribute(\"data-secret\",t)),e.contentWindow.postMessage({message:\"ready\",secret:t},\"*\")},!1)))}(window,document);\n\/\/# sourceURL=https:\/\/codemar.net\/podcast\/wp-includes\/js\/wp-embed.min.js\n\/* ]]> *\/\n<\/script>\n"},"jetpack_publicize_connections":[],"jetpack_featured_media_url":"","jetpack_shortlink":"https:\/\/wp.me\/p4bNxE-rX","jetpack_sharing_enabled":true,"_links":{"self":[{"href":"https:\/\/codemar.net\/podcast\/wp-json\/wp\/v2\/posts\/1733","targetHints":{"allow":["GET"]}}],"collection":[{"href":"https:\/\/codemar.net\/podcast\/wp-json\/wp\/v2\/posts"}],"about":[{"href":"https:\/\/codemar.net\/podcast\/wp-json\/wp\/v2\/types\/post"}],"author":[{"embeddable":true,"href":"https:\/\/codemar.net\/podcast\/wp-json\/wp\/v2\/users\/1"}],"replies":[{"embeddable":true,"href":"https:\/\/codemar.net\/podcast\/wp-json\/wp\/v2\/comments?post=1733"}],"version-history":[{"count":0,"href":"https:\/\/codemar.net\/podcast\/wp-json\/wp\/v2\/posts\/1733\/revisions"}],"wp:attachment":[{"href":"https:\/\/codemar.net\/podcast\/wp-json\/wp\/v2\/media?parent=1733"}],"wp:term":[{"taxonomy":"category","embeddable":true,"href":"https:\/\/codemar.net\/podcast\/wp-json\/wp\/v2\/categories?post=1733"},{"taxonomy":"post_tag","embeddable":true,"href":"https:\/\/codemar.net\/podcast\/wp-json\/wp\/v2\/tags?post=1733"},{"taxonomy":"series","embeddable":true,"href":"https:\/\/codemar.net\/podcast\/wp-json\/wp\/v2\/series?post=1733"}],"curies":[{"name":"wp","href":"https:\/\/api.w.org\/{rel}","templated":true}]}}