{"id":1721,"date":"2016-07-13T03:00:00","date_gmt":"2016-07-13T09:00:00","guid":{"rendered":"http:\/\/codemar.net\/podcast\/?p=1721"},"modified":"2016-07-13T03:00:00","modified_gmt":"2016-07-13T09:00:00","slug":"lectura-misa-del-dia-miercoles-julio-13-2016","status":"publish","type":"post","link":"https:\/\/codemar.net\/podcast\/lectura-misa-del-dia-miercoles-julio-13-2016\/","title":{"rendered":"Lectura Misa del Dia Mi\u00e9rcoles Julio 13 2016"},"content":{"rendered":"<p><!--\n.style3 {\n\tcolor: #009900;\n\tfont-style: italic;\n}\n--><\/p>\n<p><strong>Miercoles: de la XV semana del Tiempo ordinario<\/strong><\/p>\n<p><strong>Isa&iacute;as: 10, 5-7. 13-16<\/strong><\/p>\n<p class=\"style3\">&iquest;Acaso presume el hacha frente al que corta con ella?<\/p>\n<p align=\"justify\">Esto dice el Se&ntilde;or: &quot;&iexcl;Ay Asiria, bast&oacute;n de mi ira, vara que mi furor maneja! Contra una naci&oacute;n imp&iacute;a voy a guiarte, contra un pueblo que experimenta mi c&oacute;lera voy a mandarte, para que lo saquees y lo despojes y lo pisotees como el lodo de las calles.<\/p>\n<p align=\"justify\">  Pero Asiria no lo piensa as&iacute; ni son &eacute;stos sus planes; su intenci&oacute;n es arrasar y exterminar numerosas naciones, pues dice: &#8216;Con el poder de mi mano lo hice y con mi sabidur&iacute;a, porque soy inteligente; he borrado las fronteras de los pueblos, he saqueado sus tesoros y, como un gigante, he derribado a sus jefes. Como un nido al alcance de mi mano alcanc&eacute; la riqueza de los pueblos y como se recogen los huevos abandonados, as&iacute; cog&iacute; yo toda la tierra y no hubo quien aleteara ni abriera el pico ni piara&#8217; &quot;.<\/p>\n<p align=\"justify\">  Pero el Se&ntilde;or dice: &quot;&iquest;Acaso presume el hacha frente al que corta con ella? &iquest;O la sierra se tiene por m&aacute;s grande que aquel que la maneja? Como si la vara pudiera mover al que la levanta y el bast&oacute;n pudiera levantar a quien no es de madera. Por eso, el Se&ntilde;or de los ej&eacute;rcitos har&aacute; enflaquecer a los bien alimentados y le prender&aacute; fuego a su lujo, como se enciende la le&ntilde;a&quot;.<\/p>\n<p><strong>Del salmo 93 <\/strong><\/p>\n<p class=\"style3\">R\/. Escucha, Se&ntilde;or, a tu pueblo.<\/p>\n<p align=\"justify\">  Se&ntilde;or, los malvados humillan a tu pueblo y oprimen a tu heredad; asesinan a las viudas y a los forasteros y deg&uuml;ellan a los hu&eacute;rfanos. R\/.<\/p>\n<p align=\"justify\">  Y comentan: &quot;El Se&ntilde;or no lo ve, el Dios de Jacob no se entera&quot;. Ent&eacute;rense, insensatos; necios, &iquest;cu&aacute;ndo van ustedes a entender? R\/.<\/p>\n<p align=\"justify\">  El que plant&oacute; el o&iacute;do, &iquest;no va a o&iacute;r? El que form&oacute; el ojo, &iquest;no va a ver? El que educa a los pueblos, &iquest;no va a castigar? El que instruye al hombre, &iquest;no va a saber? R\/.<\/p>\n<p align=\"justify\">  Jam&aacute;s rechazar&aacute; Dios a su pueblo ni dejar&aacute; a los suyos sin amparo. Har&aacute; justicia al justo y dar&aacute; un porvenir al hombre honrado. R\/.<\/p>\n<p><strong>San Mateo: 11, 25-27<\/strong><\/p>\n<p class=\"style3\">Escondiste estas cosas a los sabios y las revelaste a la gente sencilla.<\/p>\n<p align=\"justify\">En aquel tiempo, Jes&uacute;s exclam&oacute;: &quot;&iexcl;Yo te alabo, Padre, Se&ntilde;or del cielo y de la tierra, porque has escondido estas cosas a los sabios y entendidos, y las has revelado a la gente sencilla! Gracias, Padre, porque as&iacute; te ha parecido bien.<\/p>\n<p align=\"justify\">  El Padre ha puesto todas las cosas en mis manos. Nadie conoce al Hijo sino el Padre, y nadie conoce al Padre sino el Hijo y aquel a quien el Hijo se lo quiera revelar&quot;.<\/p>\n<p>Source: Lecturas para la misa de hoy<\/p>\n","protected":false},"excerpt":{"rendered":"<p>Miercoles: de la XV semana del Tiempo ordinario Isa&iacute;as: 10, 5-7. 13-16 &iquest;Acaso presume el hacha frente al que corta con ella?<span class=\"more-button\"><a href=\"https:\/\/codemar.net\/podcast\/lectura-misa-del-dia-miercoles-julio-13-2016\/\" class=\"more-link\">Continuar lectura<span class=\"screen-reader-text\">Lectura Misa del Dia Mi\u00e9rcoles Julio 13 2016<\/span><\/a><\/span><\/p>\n","protected":false},"author":1,"featured_media":0,"comment_status":"open","ping_status":"open","sticky":false,"template":"","format":"standard","meta":{"episode_type":"","audio_file":"","podmotor_file_id":"","podmotor_episode_id":"","cover_image":"","cover_image_id":"","duration":"","filesize":"","filesize_raw":"","date_recorded":"","explicit":"","block":"","itunes_episode_number":"","itunes_title":"","itunes_season_number":"","itunes_episode_type":"","jetpack_post_was_ever_published":false,"_jetpack_newsletter_access":"","_jetpack_dont_email_post_to_subs":false,"_jetpack_newsletter_tier_id":0,"_jetpack_memberships_contains_paywalled_content":false,"_jetpack_memberships_contains_paid_content":false,"footnotes":"","jetpack_publicize_message":"","jetpack_publicize_feature_enabled":true,"jetpack_social_post_already_shared":false,"jetpack_social_options":{"image_generator_settings":{"template":"highway","default_image_id":0,"font":"","enabled":false},"version":2}},"categories":[23],"tags":[22],"series":[],"class_list":["post-1721","post","type-post","status-publish","format-standard","hentry","category-lectura","tag-lecturas"],"episode_featured_image":false,"episode_player_image":"https:\/\/i0.wp.com\/codemar.net\/podcast\/wp-content\/uploads\/2023\/04\/Evangelios-podcast-high-scaled.jpg?fit=2560%2C2560&ssl=1","download_link":"","player_link":"","audio_player":false,"episode_data":{"playerMode":"dark","subscribeUrls":{"apple_podcasts":{"key":"apple_podcasts","url":"https:\/\/podcasts.apple.com\/us\/podcast\/evangelio-diario\/id1485268840","label":"Apple Podcasts","class":"apple_podcasts","icon":"apple-podcasts.png"},"google_podcasts":{"key":"google_podcasts","url":"https:\/\/podcasts.google.com\/feed\/aHR0cHM6Ly9jb2RlbWFyLm5ldC9wb2RjYXN0L2ZlZWQvcG9kY2FzdA?sa=X&ved=0CAMQ9sEGahgKEwiA8KP5_6z-AhUAAAAAHQAAAAAQ4AE","label":"Google Podcasts","class":"google_podcasts","icon":"google-podcasts.png"},"spotify":{"key":"spotify","url":"https:\/\/open.spotify.com\/show\/1Q3Se9DdIlpbuLPkkftN9w","label":"Spotify","class":"spotify","icon":"spotify.png"}},"rssFeedUrl":"https:\/\/codemar.net\/podcast\/feed\/podcast\/default-podcast","embedCode":"<blockquote class=\"wp-embedded-content\" data-secret=\"ELCB8GbrWD\"><a href=\"https:\/\/codemar.net\/podcast\/lectura-misa-del-dia-miercoles-julio-13-2016\/\">Lectura Misa del Dia Mi\u00e9rcoles Julio 13 2016<\/a><\/blockquote><iframe sandbox=\"allow-scripts\" security=\"restricted\" src=\"https:\/\/codemar.net\/podcast\/lectura-misa-del-dia-miercoles-julio-13-2016\/embed\/#?secret=ELCB8GbrWD\" width=\"500\" height=\"350\" title=\"&#8220;Lectura Misa del Dia Mi\u00e9rcoles Julio 13 2016&#8221; &#8212; Centro Cultural Coraz\u00f3n de Mar\u00eda\" data-secret=\"ELCB8GbrWD\" frameborder=\"0\" marginwidth=\"0\" marginheight=\"0\" scrolling=\"no\" class=\"wp-embedded-content\"><\/iframe><script type=\"text\/javascript\">\n\/* <![CDATA[ *\/\n\/*! This file is auto-generated *\/\n!function(d,l){\"use strict\";l.querySelector&&d.addEventListener&&\"undefined\"!=typeof URL&&(d.wp=d.wp||{},d.wp.receiveEmbedMessage||(d.wp.receiveEmbedMessage=function(e){var t=e.data;if((t||t.secret||t.message||t.value)&&!\/[^a-zA-Z0-9]\/.test(t.secret)){for(var s,r,n,a=l.querySelectorAll('iframe[data-secret=\"'+t.secret+'\"]'),o=l.querySelectorAll('blockquote[data-secret=\"'+t.secret+'\"]'),c=new RegExp(\"^https?:$\",\"i\"),i=0;i<o.length;i++)o[i].style.display=\"none\";for(i=0;i<a.length;i++)s=a[i],e.source===s.contentWindow&&(s.removeAttribute(\"style\"),\"height\"===t.message?(1e3<(r=parseInt(t.value,10))?r=1e3:~~r<200&&(r=200),s.height=r):\"link\"===t.message&&(r=new URL(s.getAttribute(\"src\")),n=new URL(t.value),c.test(n.protocol))&&n.host===r.host&&l.activeElement===s&&(d.top.location.href=t.value))}},d.addEventListener(\"message\",d.wp.receiveEmbedMessage,!1),l.addEventListener(\"DOMContentLoaded\",function(){for(var e,t,s=l.querySelectorAll(\"iframe.wp-embedded-content\"),r=0;r<s.length;r++)(t=(e=s[r]).getAttribute(\"data-secret\"))||(t=Math.random().toString(36).substring(2,12),e.src+=\"#?secret=\"+t,e.setAttribute(\"data-secret\",t)),e.contentWindow.postMessage({message:\"ready\",secret:t},\"*\")},!1)))}(window,document);\n\/\/# sourceURL=https:\/\/codemar.net\/podcast\/wp-includes\/js\/wp-embed.min.js\n\/* ]]> *\/\n<\/script>\n"},"jetpack_publicize_connections":[],"jetpack_featured_media_url":"","jetpack_shortlink":"https:\/\/wp.me\/p4bNxE-rL","jetpack_sharing_enabled":true,"_links":{"self":[{"href":"https:\/\/codemar.net\/podcast\/wp-json\/wp\/v2\/posts\/1721","targetHints":{"allow":["GET"]}}],"collection":[{"href":"https:\/\/codemar.net\/podcast\/wp-json\/wp\/v2\/posts"}],"about":[{"href":"https:\/\/codemar.net\/podcast\/wp-json\/wp\/v2\/types\/post"}],"author":[{"embeddable":true,"href":"https:\/\/codemar.net\/podcast\/wp-json\/wp\/v2\/users\/1"}],"replies":[{"embeddable":true,"href":"https:\/\/codemar.net\/podcast\/wp-json\/wp\/v2\/comments?post=1721"}],"version-history":[{"count":0,"href":"https:\/\/codemar.net\/podcast\/wp-json\/wp\/v2\/posts\/1721\/revisions"}],"wp:attachment":[{"href":"https:\/\/codemar.net\/podcast\/wp-json\/wp\/v2\/media?parent=1721"}],"wp:term":[{"taxonomy":"category","embeddable":true,"href":"https:\/\/codemar.net\/podcast\/wp-json\/wp\/v2\/categories?post=1721"},{"taxonomy":"post_tag","embeddable":true,"href":"https:\/\/codemar.net\/podcast\/wp-json\/wp\/v2\/tags?post=1721"},{"taxonomy":"series","embeddable":true,"href":"https:\/\/codemar.net\/podcast\/wp-json\/wp\/v2\/series?post=1721"}],"curies":[{"name":"wp","href":"https:\/\/api.w.org\/{rel}","templated":true}]}}