{"id":1710,"date":"2016-06-29T15:57:20","date_gmt":"2016-06-29T21:57:20","guid":{"rendered":"http:\/\/codemar.net\/podcast\/?p=1710"},"modified":"2016-07-09T15:57:44","modified_gmt":"2016-07-09T21:57:44","slug":"san-pedro-y-san-pablo-3","status":"publish","type":"post","link":"https:\/\/codemar.net\/podcast\/san-pedro-y-san-pablo-3\/","title":{"rendered":"San Pedro y San Pablo"},"content":{"rendered":"<h4>Del Evangelio seg\u00fan San Mateo 16, 13-19<\/h4>\n<p>Al llegar a la regi\u00f3n de Cesarea de Filipo, Jes\u00fas pregunt\u00f3 a sus disc\u00edpulos: \u00ab\u00bfQu\u00e9 dice la gente sobre el Hijo del hombre? \u00bfQui\u00e9n dicen que es?\u00bb<br \/>\nEllos le respondieron: \u00abUnos dicen que es Juan el Bautista; otros, El\u00edas; y otros, Jerem\u00edas o alguno de los profetas\u00bb.<br \/>\n\u00abY ustedes, les pregunt\u00f3, \u00bfqui\u00e9n dicen que soy?\u00bb Tomando la palabra, Sim\u00f3n Pedro respondi\u00f3: \u00abT\u00fa eres el Mes\u00edas, el Hijo de Dios vivo\u00bb.<br \/>\nY Jes\u00fas le dijo: \u00abFeliz de ti, Sim\u00f3n, hijo de Jon\u00e1s, porque esto no te lo ha revelado ni la carne ni la sangre, sino mi Padre que est\u00e1 en el cielo. Y Yo te digo: T\u00fa eres Pedro, y sobre esta piedra edificar\u00e9 mi Iglesia, y el poder de la muerte no prevalecer\u00e1 contra ella. Yo te dar\u00e9 las llaves del Reino de los Cielos. Todo lo que ates en la tierra, quedar\u00e1 atado en el cielo, y todo lo que desates en la tierra, quedar\u00e1 desatado en el cielo\u00bb.<\/p>\n<p>Palabra del Se\u00f1or.<\/p>\n<audio class=\"wp-audio-shortcode\" id=\"audio-1710-1\" autoplay preload=\"none\" style=\"width: 100%;\" controls=\"controls\"><source type=\"audio\/ogg\" src=\"http:\/\/codemar.net\/podcast\/wp-content\/uploads\/2016\/07\/C44-San-Pedro-y-San-Pablo.ogg?_=1\" \/><source type=\"audio\/mpeg\" src=\"http:\/\/codemar.net\/liturgico\/media\/2016-07-09_c44-san_pedro_y_san_pablo.m4a?_=1\" \/><a href=\"http:\/\/codemar.net\/podcast\/wp-content\/uploads\/2016\/07\/C44-San-Pedro-y-San-Pablo.ogg\">http:\/\/codemar.net\/podcast\/wp-content\/uploads\/2016\/07\/C44-San-Pedro-y-San-Pablo.ogg<\/a><\/audio>\n","protected":false},"excerpt":{"rendered":"<p>Del Evangelio seg\u00fan San Mateo 16, 13-19 Al llegar a la regi\u00f3n de Cesarea de Filipo, Jes\u00fas pregunt\u00f3 a sus disc\u00edpulos: \u00ab\u00bfQu\u00e9<span class=\"more-button\"><a href=\"https:\/\/codemar.net\/podcast\/san-pedro-y-san-pablo-3\/\" class=\"more-link\">Continuar lectura<span class=\"screen-reader-text\">San Pedro y San Pablo<\/span><\/a><\/span><\/p>\n","protected":false},"author":1,"featured_media":1707,"comment_status":"open","ping_status":"open","sticky":false,"template":"","format":"standard","meta":{"episode_type":"","audio_file":"http:\/\/codemar.net\/liturgico\/media\/2016-07-09_c44-san_pedro_y_san_pablo.m4a\n0\naudio\/mpeg\n","podmotor_file_id":"","podmotor_episode_id":"","cover_image":"","cover_image_id":"","duration":"","filesize":"","filesize_raw":"","date_recorded":"","explicit":"","block":"","itunes_episode_number":"","itunes_title":"","itunes_season_number":"","itunes_episode_type":"","jetpack_post_was_ever_published":false,"_jetpack_newsletter_access":"","_jetpack_dont_email_post_to_subs":false,"_jetpack_newsletter_tier_id":0,"_jetpack_memberships_contains_paywalled_content":false,"_jetpack_memberships_contains_paid_content":false,"footnotes":"","jetpack_publicize_message":"","jetpack_publicize_feature_enabled":true,"jetpack_social_post_already_shared":false,"jetpack_social_options":{"image_generator_settings":{"template":"highway","default_image_id":0,"font":"","enabled":false},"version":2}},"categories":[11],"tags":[],"series":[84],"class_list":["post-1710","post","type-post","status-publish","format-standard","has-post-thumbnail","hentry","category-festiva","series-default-podcast"],"episode_featured_image":"https:\/\/codemar.net\/podcast\/wp-content\/uploads\/2016\/07\/PedroPablo-29Junio-e1468101104198.jpg","episode_player_image":"https:\/\/i0.wp.com\/codemar.net\/podcast\/wp-content\/uploads\/2023\/04\/Evangelios-podcast-high-scaled.jpg?fit=2560%2C2560&ssl=1","download_link":"https:\/\/codemar.net\/podcast\/podcast-download\/1710\/san-pedro-y-san-pablo-3.mp3","player_link":"https:\/\/codemar.net\/podcast\/podcast-player\/1710\/san-pedro-y-san-pablo-3.mp3","audio_player":null,"episode_data":{"playerMode":"dark","subscribeUrls":{"apple_podcasts":{"key":"apple_podcasts","url":"https:\/\/podcasts.apple.com\/us\/podcast\/evangelio-diario\/id1485268840","label":"Apple Podcasts","class":"apple_podcasts","icon":"apple-podcasts.png"},"google_podcasts":{"key":"google_podcasts","url":"https:\/\/podcasts.google.com\/feed\/aHR0cHM6Ly9jb2RlbWFyLm5ldC9wb2RjYXN0L2ZlZWQvcG9kY2FzdA?sa=X&ved=0CAMQ9sEGahgKEwiA8KP5_6z-AhUAAAAAHQAAAAAQ4AE","label":"Google Podcasts","class":"google_podcasts","icon":"google-podcasts.png"},"spotify":{"key":"spotify","url":"https:\/\/open.spotify.com\/show\/1Q3Se9DdIlpbuLPkkftN9w","label":"Spotify","class":"spotify","icon":"spotify.png"}},"rssFeedUrl":"https:\/\/codemar.net\/podcast\/feed\/podcast\/default-podcast","embedCode":"<blockquote class=\"wp-embedded-content\" data-secret=\"tDDb9mcVvH\"><a href=\"https:\/\/codemar.net\/podcast\/san-pedro-y-san-pablo-3\/\">San Pedro y San Pablo<\/a><\/blockquote><iframe sandbox=\"allow-scripts\" security=\"restricted\" src=\"https:\/\/codemar.net\/podcast\/san-pedro-y-san-pablo-3\/embed\/#?secret=tDDb9mcVvH\" width=\"500\" height=\"350\" title=\"&#8220;San Pedro y San Pablo&#8221; &#8212; Centro Cultural Coraz\u00f3n de Mar\u00eda\" data-secret=\"tDDb9mcVvH\" frameborder=\"0\" marginwidth=\"0\" marginheight=\"0\" scrolling=\"no\" class=\"wp-embedded-content\"><\/iframe><script type=\"text\/javascript\">\n\/* <![CDATA[ *\/\n\/*! This file is auto-generated *\/\n!function(d,l){\"use strict\";l.querySelector&&d.addEventListener&&\"undefined\"!=typeof URL&&(d.wp=d.wp||{},d.wp.receiveEmbedMessage||(d.wp.receiveEmbedMessage=function(e){var t=e.data;if((t||t.secret||t.message||t.value)&&!\/[^a-zA-Z0-9]\/.test(t.secret)){for(var s,r,n,a=l.querySelectorAll('iframe[data-secret=\"'+t.secret+'\"]'),o=l.querySelectorAll('blockquote[data-secret=\"'+t.secret+'\"]'),c=new RegExp(\"^https?:$\",\"i\"),i=0;i<o.length;i++)o[i].style.display=\"none\";for(i=0;i<a.length;i++)s=a[i],e.source===s.contentWindow&&(s.removeAttribute(\"style\"),\"height\"===t.message?(1e3<(r=parseInt(t.value,10))?r=1e3:~~r<200&&(r=200),s.height=r):\"link\"===t.message&&(r=new URL(s.getAttribute(\"src\")),n=new URL(t.value),c.test(n.protocol))&&n.host===r.host&&l.activeElement===s&&(d.top.location.href=t.value))}},d.addEventListener(\"message\",d.wp.receiveEmbedMessage,!1),l.addEventListener(\"DOMContentLoaded\",function(){for(var e,t,s=l.querySelectorAll(\"iframe.wp-embedded-content\"),r=0;r<s.length;r++)(t=(e=s[r]).getAttribute(\"data-secret\"))||(t=Math.random().toString(36).substring(2,12),e.src+=\"#?secret=\"+t,e.setAttribute(\"data-secret\",t)),e.contentWindow.postMessage({message:\"ready\",secret:t},\"*\")},!1)))}(window,document);\n\/\/# sourceURL=https:\/\/codemar.net\/podcast\/wp-includes\/js\/wp-embed.min.js\n\/* ]]> *\/\n<\/script>\n"},"jetpack_publicize_connections":[],"jetpack_featured_media_url":"https:\/\/i0.wp.com\/codemar.net\/podcast\/wp-content\/uploads\/2016\/07\/PedroPablo-29Junio-e1468101104198.jpg?fit=639%2C365&ssl=1","jetpack_shortlink":"https:\/\/wp.me\/p4bNxE-rA","jetpack_sharing_enabled":true,"_links":{"self":[{"href":"https:\/\/codemar.net\/podcast\/wp-json\/wp\/v2\/posts\/1710","targetHints":{"allow":["GET"]}}],"collection":[{"href":"https:\/\/codemar.net\/podcast\/wp-json\/wp\/v2\/posts"}],"about":[{"href":"https:\/\/codemar.net\/podcast\/wp-json\/wp\/v2\/types\/post"}],"author":[{"embeddable":true,"href":"https:\/\/codemar.net\/podcast\/wp-json\/wp\/v2\/users\/1"}],"replies":[{"embeddable":true,"href":"https:\/\/codemar.net\/podcast\/wp-json\/wp\/v2\/comments?post=1710"}],"version-history":[{"count":2,"href":"https:\/\/codemar.net\/podcast\/wp-json\/wp\/v2\/posts\/1710\/revisions"}],"predecessor-version":[{"id":1712,"href":"https:\/\/codemar.net\/podcast\/wp-json\/wp\/v2\/posts\/1710\/revisions\/1712"}],"wp:featuredmedia":[{"embeddable":true,"href":"https:\/\/codemar.net\/podcast\/wp-json\/wp\/v2\/media\/1707"}],"wp:attachment":[{"href":"https:\/\/codemar.net\/podcast\/wp-json\/wp\/v2\/media?parent=1710"}],"wp:term":[{"taxonomy":"category","embeddable":true,"href":"https:\/\/codemar.net\/podcast\/wp-json\/wp\/v2\/categories?post=1710"},{"taxonomy":"post_tag","embeddable":true,"href":"https:\/\/codemar.net\/podcast\/wp-json\/wp\/v2\/tags?post=1710"},{"taxonomy":"series","embeddable":true,"href":"https:\/\/codemar.net\/podcast\/wp-json\/wp\/v2\/series?post=1710"}],"curies":[{"name":"wp","href":"https:\/\/api.w.org\/{rel}","templated":true}]}}