{"id":1693,"date":"2016-06-29T03:00:00","date_gmt":"2016-06-29T09:00:00","guid":{"rendered":"http:\/\/codemar.net\/podcast\/?p=1693"},"modified":"2016-06-29T03:00:00","modified_gmt":"2016-06-29T09:00:00","slug":"lectura-misa-del-dia-miercoles-junio-29-2016","status":"publish","type":"post","link":"https:\/\/codemar.net\/podcast\/lectura-misa-del-dia-miercoles-junio-29-2016\/","title":{"rendered":"Lectura Misa del Dia Mi\u00e9rcoles Junio 29 2016"},"content":{"rendered":"<p><!--\n.style1 {\n\tcolor: #FF0000;\n\tfont-weight: bold;\n}\n.style2 {\n\tcolor: #FF0000;\n\tfont-style: italic;\n}\n--><\/p>\n<p class=\"style1\">SANTOS PEDRO Y PABLO, AP&Oacute;STOLES<\/p>\n<p><strong>Hechos : 12, 1-11<\/strong><\/p>\n<p class=\"style2\">Ahora s&iacute; estoy seguro de que el Se&ntilde;or envi&oacute; a su &aacute;ngel, para librarme de las manos de Herodes.<\/p>\n<p align=\"justify\">En aquellos d&iacute;as, el rey Herodes mand&oacute; apresar a algunos miembros de la Iglesia para maltratarlos. Mand&oacute; pasar a cuchillo a Santiago, hermano de Juan, y viendo que eso agradaba a los jud&iacute;os, tambi&eacute;n hizo apresar a Pedro. Esto sucedi&oacute; durante los d&iacute;as de la fiesta de los panes &Aacute;zimos. Despu&eacute;s de apresarlo, lo hizo encarcelar y lo puso bajo la vigilancia de cuatro turnos de guardia, de cuatro soldados cada turno. Su intenci&oacute;n era hacerlo comparecer ante el pueblo despu&eacute;s de la Pascua. Mientras Pedro estaba en la c&aacute;rcel, la comunidad no cesaba de orar a Dios por &eacute;l.<\/p>\n<p align=\"justify\">  La noche anterior al d&iacute;a en que Herodes iba a hacerlo comparecer ante el pueblo, Pedro estaba durmiendo entre dos soldados, atado con dos cadenas y los centinelas cuidaban la puerta de la prisi&oacute;n. De pronto apareci&oacute; el &aacute;ngel del Se&ntilde;or y el calabozo se llen&oacute; de luz. El &aacute;ngel toc&oacute; a Pedro en el costado, lo despert&oacute; y le dijo: &quot;Lev&aacute;ntate pronto&quot;. Entonces las cadenas que le sujetaban las manos se le cayeron. El &aacute;ngel le dijo: &quot;C&iacute;&ntilde;ete la t&uacute;nica y ponte las sandalias&quot;, y Pedro obedeci&oacute;. Despu&eacute;s le dijo: &quot;Ponte el manto y s&iacute;gueme&quot;. Pedro sali&oacute; detr&aacute;s de &eacute;l, sin saber si era verdad o no lo que el &aacute;ngel hac&iacute;a, y le parec&iacute;a m&aacute;s bien que estaba so&ntilde;ando. Pasaron el primero y el segundo puesto de guardia y llegaron a la puerta de hierro que daba a la calle. La puerta se abri&oacute; sola delante de ellos. Salieron y caminaron hasta la esquina de la calle y de pronto el &aacute;ngel desapareci&oacute;.<\/p>\n<p align=\"justify\">  Entonces, Pedro se dio cuenta de lo que pasaba y dijo: &quot;Ahora s&iacute; estoy seguro de que el Se&ntilde;or envi&oacute; a su &aacute;ngel para librarme de las manos de Herodes y de todo cuanto el pueblo jud&iacute;o esperaba que me hicieran&quot;.&nbsp;<\/p>\n<p><strong>Del salmo 33 <\/strong><\/p>\n<p class=\"style2\">R\/. El Se&ntilde;or me libr&oacute; de todos mis temores.<\/p>\n<p align=\"justify\">  Bendecir&eacute; al Se&ntilde;or a todas horas, no cesar&aacute; mi boca de alabarlo. Yo me siento orgulloso del Se&ntilde;or, que se alegre su pueblo al escucharlo. R\/.<\/p>\n<p align=\"justify\">  Proclamemos la grandeza del Se&ntilde;or y alabemos todos juntos su poder. Cuando acud&iacute; al Se&ntilde;or, me hizo caso y me libr&oacute; de todos mis temores. R\/.<\/p>\n<p align=\"justify\">  Conf&iacute;a en el Se&ntilde;or y saltar&aacute;s de gusto, jam&aacute;s te sentir&aacute;s decepcionado, porque el Se&ntilde;or escucha el clamor de los pobres y los libra de todas sus angustias. R\/.<\/p>\n<p align=\"justify\">  Junto a aquellos que temen al Se&ntilde;or el &aacute;ngel del Se&ntilde;or acampa y los protege. Haz la prueba y ver&aacute;s qu&eacute; bueno es el Se&ntilde;or. Dichoso el hombre que se refugia en &Eacute;l. R\/.<\/p>\n<p><strong>2 Timoteo: 4, 6-8. 17-18<\/strong><\/p>\n<p class=\"style2\">Ahora s&oacute;lo espero la corona merecida.<\/p>\n<p align=\"justify\">Querido hermano: Ha llegado para m&iacute; la hora del sacrificio y se acerca el momento de mi partida. He luchado bien en el combate, he corrido hasta la meta, he perseverado en la fe. Ahora s&oacute;lo espero la corona merecida, con la que el Se&ntilde;or, justo juez, me premiar&aacute; en aquel d&iacute;a, y no solamente a m&iacute;, sino a todos aquellos que esperan con amor su glorioso advenimiento.<\/p>\n<p align=\"justify\">  Cuando todos me abandonaron, el Se&ntilde;or estuvo a mi lado y me dio fuerzas para que, por mi medio, se proclamara claramente el mensaje de salvaci&oacute;n y lo oyeran todos los paganos. Y fui librado de las fauces del le&oacute;n. El Se&ntilde;or me seguir&aacute; librando de todos los peligros y me llevar&aacute; sano y salvo a su Reino celestial.&nbsp;<\/p>\n<p><strong>San Mateo: 16, 13-19<\/strong><\/p>\n<p class=\"style2\">T&uacute; eres Pedro y yo te dar&eacute; las llaves del Reino de los cielos.<\/p>\n<p align=\"justify\">En aquel tiempo cuando llego Jes&uacute;s a la regi&oacute;n de Cesarea de Filipo, hizo esta pregunta a sus disc&iacute;pulos: &quot;&iquest;Qui&eacute;n dice la gente que es el Hijo del hombre?&quot; Ellos le respondieron: &quot;Unos dicen que eres Juan el Bautista; otros, que El&iacute;as; otros, que Jerem&iacute;as o alguno de los profetas&quot;.<\/p>\n<p align=\"justify\">  Luego les pregunt&oacute;: &quot;Y ustedes, &iquest;qui&eacute;n dicen que soy yo?&quot; Sim&oacute;n Pedro tom&oacute; la palabra y le dijo: &quot;T&uacute; eres el Mes&iacute;as, el Hijo de Dios vivo&quot;.<\/p>\n<p align=\"justify\">  Jes&uacute;s le dijo entonces: &quot;&iexcl;Dichoso t&uacute;, Sim&oacute;n, hijo de Juan, porque esto no te lo ha revelado ning&uacute;n hombre, sino mi Padre, que est&aacute; en los cielos! Y yo te digo a ti que t&uacute; eres Pedro y sobre esta piedra edificar&eacute; mi Iglesia. Los poderes del infierno no prevalecer&aacute;n sobre ella. Yo te dar&eacute; las llaves del Reino de los cielos; todo lo que ates en la tierra quedar&aacute; atado en el cielo, y todo lo que desates en la tierra quedar&aacute; desatado en el cielo&quot;.&nbsp;<\/p>\n<p>Source: Lecturas para la misa de hoy<\/p>\n","protected":false},"excerpt":{"rendered":"<p>SANTOS PEDRO Y PABLO, AP&Oacute;STOLES Hechos : 12, 1-11 Ahora s&iacute; estoy seguro de que el Se&ntilde;or envi&oacute; a su &aacute;ngel, para<span class=\"more-button\"><a href=\"https:\/\/codemar.net\/podcast\/lectura-misa-del-dia-miercoles-junio-29-2016\/\" class=\"more-link\">Continuar lectura<span class=\"screen-reader-text\">Lectura Misa del Dia Mi\u00e9rcoles Junio 29 2016<\/span><\/a><\/span><\/p>\n","protected":false},"author":1,"featured_media":0,"comment_status":"open","ping_status":"open","sticky":false,"template":"","format":"standard","meta":{"episode_type":"","audio_file":"","podmotor_file_id":"","podmotor_episode_id":"","cover_image":"","cover_image_id":"","duration":"","filesize":"","filesize_raw":"","date_recorded":"","explicit":"","block":"","itunes_episode_number":"","itunes_title":"","itunes_season_number":"","itunes_episode_type":"","jetpack_post_was_ever_published":false,"_jetpack_newsletter_access":"","_jetpack_dont_email_post_to_subs":false,"_jetpack_newsletter_tier_id":0,"_jetpack_memberships_contains_paywalled_content":false,"_jetpack_memberships_contains_paid_content":false,"footnotes":"","jetpack_publicize_message":"","jetpack_publicize_feature_enabled":true,"jetpack_social_post_already_shared":false,"jetpack_social_options":{"image_generator_settings":{"template":"highway","default_image_id":0,"font":"","enabled":false},"version":2}},"categories":[23],"tags":[22],"series":[],"class_list":["post-1693","post","type-post","status-publish","format-standard","hentry","category-lectura","tag-lecturas"],"episode_featured_image":false,"episode_player_image":"https:\/\/i0.wp.com\/codemar.net\/podcast\/wp-content\/uploads\/2023\/04\/Evangelios-podcast-high-scaled.jpg?fit=2560%2C2560&ssl=1","download_link":"","player_link":"","audio_player":false,"episode_data":{"playerMode":"dark","subscribeUrls":{"apple_podcasts":{"key":"apple_podcasts","url":"https:\/\/podcasts.apple.com\/us\/podcast\/evangelio-diario\/id1485268840","label":"Apple Podcasts","class":"apple_podcasts","icon":"apple-podcasts.png"},"google_podcasts":{"key":"google_podcasts","url":"https:\/\/podcasts.google.com\/feed\/aHR0cHM6Ly9jb2RlbWFyLm5ldC9wb2RjYXN0L2ZlZWQvcG9kY2FzdA?sa=X&ved=0CAMQ9sEGahgKEwiA8KP5_6z-AhUAAAAAHQAAAAAQ4AE","label":"Google Podcasts","class":"google_podcasts","icon":"google-podcasts.png"},"spotify":{"key":"spotify","url":"https:\/\/open.spotify.com\/show\/1Q3Se9DdIlpbuLPkkftN9w","label":"Spotify","class":"spotify","icon":"spotify.png"}},"rssFeedUrl":"https:\/\/codemar.net\/podcast\/feed\/podcast\/default-podcast","embedCode":"<blockquote class=\"wp-embedded-content\" data-secret=\"Jtm0nlChVe\"><a href=\"https:\/\/codemar.net\/podcast\/lectura-misa-del-dia-miercoles-junio-29-2016\/\">Lectura Misa del Dia Mi\u00e9rcoles Junio 29 2016<\/a><\/blockquote><iframe sandbox=\"allow-scripts\" security=\"restricted\" src=\"https:\/\/codemar.net\/podcast\/lectura-misa-del-dia-miercoles-junio-29-2016\/embed\/#?secret=Jtm0nlChVe\" width=\"500\" height=\"350\" title=\"&#8220;Lectura Misa del Dia Mi\u00e9rcoles Junio 29 2016&#8221; &#8212; Centro Cultural Coraz\u00f3n de Mar\u00eda\" data-secret=\"Jtm0nlChVe\" frameborder=\"0\" marginwidth=\"0\" marginheight=\"0\" scrolling=\"no\" class=\"wp-embedded-content\"><\/iframe><script type=\"text\/javascript\">\n\/* <![CDATA[ *\/\n\/*! This file is auto-generated *\/\n!function(d,l){\"use strict\";l.querySelector&&d.addEventListener&&\"undefined\"!=typeof URL&&(d.wp=d.wp||{},d.wp.receiveEmbedMessage||(d.wp.receiveEmbedMessage=function(e){var t=e.data;if((t||t.secret||t.message||t.value)&&!\/[^a-zA-Z0-9]\/.test(t.secret)){for(var s,r,n,a=l.querySelectorAll('iframe[data-secret=\"'+t.secret+'\"]'),o=l.querySelectorAll('blockquote[data-secret=\"'+t.secret+'\"]'),c=new RegExp(\"^https?:$\",\"i\"),i=0;i<o.length;i++)o[i].style.display=\"none\";for(i=0;i<a.length;i++)s=a[i],e.source===s.contentWindow&&(s.removeAttribute(\"style\"),\"height\"===t.message?(1e3<(r=parseInt(t.value,10))?r=1e3:~~r<200&&(r=200),s.height=r):\"link\"===t.message&&(r=new URL(s.getAttribute(\"src\")),n=new URL(t.value),c.test(n.protocol))&&n.host===r.host&&l.activeElement===s&&(d.top.location.href=t.value))}},d.addEventListener(\"message\",d.wp.receiveEmbedMessage,!1),l.addEventListener(\"DOMContentLoaded\",function(){for(var e,t,s=l.querySelectorAll(\"iframe.wp-embedded-content\"),r=0;r<s.length;r++)(t=(e=s[r]).getAttribute(\"data-secret\"))||(t=Math.random().toString(36).substring(2,12),e.src+=\"#?secret=\"+t,e.setAttribute(\"data-secret\",t)),e.contentWindow.postMessage({message:\"ready\",secret:t},\"*\")},!1)))}(window,document);\n\/\/# sourceURL=https:\/\/codemar.net\/podcast\/wp-includes\/js\/wp-embed.min.js\n\/* ]]> *\/\n<\/script>\n"},"jetpack_publicize_connections":[],"jetpack_featured_media_url":"","jetpack_shortlink":"https:\/\/wp.me\/p4bNxE-rj","jetpack_sharing_enabled":true,"_links":{"self":[{"href":"https:\/\/codemar.net\/podcast\/wp-json\/wp\/v2\/posts\/1693","targetHints":{"allow":["GET"]}}],"collection":[{"href":"https:\/\/codemar.net\/podcast\/wp-json\/wp\/v2\/posts"}],"about":[{"href":"https:\/\/codemar.net\/podcast\/wp-json\/wp\/v2\/types\/post"}],"author":[{"embeddable":true,"href":"https:\/\/codemar.net\/podcast\/wp-json\/wp\/v2\/users\/1"}],"replies":[{"embeddable":true,"href":"https:\/\/codemar.net\/podcast\/wp-json\/wp\/v2\/comments?post=1693"}],"version-history":[{"count":0,"href":"https:\/\/codemar.net\/podcast\/wp-json\/wp\/v2\/posts\/1693\/revisions"}],"wp:attachment":[{"href":"https:\/\/codemar.net\/podcast\/wp-json\/wp\/v2\/media?parent=1693"}],"wp:term":[{"taxonomy":"category","embeddable":true,"href":"https:\/\/codemar.net\/podcast\/wp-json\/wp\/v2\/categories?post=1693"},{"taxonomy":"post_tag","embeddable":true,"href":"https:\/\/codemar.net\/podcast\/wp-json\/wp\/v2\/tags?post=1693"},{"taxonomy":"series","embeddable":true,"href":"https:\/\/codemar.net\/podcast\/wp-json\/wp\/v2\/series?post=1693"}],"curies":[{"name":"wp","href":"https:\/\/api.w.org\/{rel}","templated":true}]}}