{"id":1687,"date":"2016-06-25T16:27:36","date_gmt":"2016-06-25T22:27:36","guid":{"rendered":"http:\/\/codemar.net\/podcast\/?p=1687"},"modified":"2016-06-25T16:27:36","modified_gmt":"2016-06-25T22:27:36","slug":"la-iglesia-es-catolica-y-apostolica","status":"publish","type":"post","link":"https:\/\/codemar.net\/podcast\/la-iglesia-es-catolica-y-apostolica\/","title":{"rendered":"La Iglesia es cat\u00f3lica y apost\u00f3lica"},"content":{"rendered":"<h4>Significado de estas dos notas caracter\u00edsiticas de la Iglesia y el valor tienen para la comunidad cristiana.<\/h4>\n<pre>Fuente: Catholic.net<\/pre>\n<p>Cuando profesamos nuestra fe, nosotros afirmamos que la Iglesia es cat\u00f3lica y apost\u00f3lica.<\/p>\n<p>Pero, \u00bfcu\u00e1l es efectivamente el significado de estas dos notas caracter\u00edsiticas de la Iglesia? \u00bfY qu\u00e9 valor tienen para la comunidad cristiana y para cada uno de nosotros?<\/p>\n<h5>Cat\u00f3lica<\/h5>\n<p>Cat\u00f3lica significa universal.<\/p>\n<p>Una definici\u00f3n completa y clara nos la ha ofrecido uno de los Padres de la Iglesia, san Cirilo de Jerusal\u00e9n, cuando afirma: La Iglesia sin duda es llamada cat\u00f3lica, es decir universal, por el hecho de que es difunida por todos lados, desde una parte hasta la otra de los confines de la tierra; y porque universalmente y sin deserci\u00f3n ense\u00f1a todas las verdades que deben llegar al conocimiento de los hombres, ya sea sobre las cosas celestes, que de las terrestres.<\/p>\n<p>Signo evidente de la catolicidad de la Iglesia es que habla todas las lenguas. Y esto no es otra cosa que el efecto de Pentecost\u00e9s: es el Esp\u00edritu Santo, de hecho, que ha preparado a los Ap\u00f3stoles y toda la Iglesia para hacer resonar a todos, hasta los confines de la tierra, la Buena Noticia de la salvaci\u00f3n y del amor de Dios. La Iglesia as\u00ed ha nacido cat\u00f3lica, &#8220;s\u00ednf\u00f3nica&#8221; desde los or\u00edgenes, y no puede no ser cat\u00f3lica, proyectada a la evangelizaci\u00f3n y al encuentro con todos.<\/p>\n<p>La Palabra de Dios hoy se lee en todas las lenguas, todos tienen el Evangelio en la propia lengua, para leerlo y vuelvo a lo mismo. Siempre es bueno tener con nosotros un Evangelio peque\u00f1o para llevarlo en el bolsillo,y durante el d\u00eda leer un pasaje. Esto nos hace bien, el Evangelio est\u00e1 difunfido en todos los idiomas porque la Iglesia, el anuncio de Cristo Redentor, es en todo el mundo. Y por eso se dice que la Iglesia es cat\u00f3lica, porque es universal.<\/p>\n<h5>Apost\u00f3lica<\/h5>\n<p>Si la Iglesia ha nacido cat\u00f3lica, quiere decir que ha nacido &#8220;en salida&#8221;, misionera. Si los Ap\u00f3stoles se hubieran quedado all\u00ed, en el Cen\u00e1culo, sin salir a anunciar el Evangelio, la Iglesia ser\u00eda solamente la Iglesia de ese pueblo, de esa ciudad, de ese Cen\u00e1culo. Todos han salido por el mundo, desde el momento del nacimiento de la Iglesia, desde el momento que ha venido el Esp\u00edritu Santo. Y por eso la Iglesia ha nacido en salida, es decir, misionera.<\/p>\n<p>Es eso lo que expresamos calific\u00e1ndola de apost\u00f3lica. Porque el Ap\u00f3stol es el que lleva la Buena Noticia de la Resurreci\u00f3n de Jes\u00fas. Este t\u00e9rmino nos recuerda que la Iglesia tiene su fundamento en los Ap\u00f3stoles y en continuidad con ellos. Son los Ap\u00f3stoles que han ido y han fundado nuevas Iglesias, han hecho nuevos obispos y as\u00ed en todo el mundo en continuidad.<\/p>\n<p>Hoy, todos nosotros estamos en contiudad con ese grupo Ap\u00f3stoles que ha recibido el Esp\u00edritu Santo y luego han ido en salida a predicar. La Iglesia es enviada a llevar a todos los hombres el anuncio del Evangelio, acompa\u00f1\u00e1ndolo con los signos de la ternura y del poder de Dios. Tambi\u00e9n esto deriva del evento de Pentecost\u00e9s: es el Esp\u00edritu Santo, de hecho, quien supera cualquier resistencia, vence la tentaci\u00f3n de cerrarse en s\u00ed mismos, entre pocos elegidos, y considerarse los \u00fanicos destinatarios de la bendici\u00f3n de Dios. Imaginemos que un grupo de cristianos hace esto, nosotros somos los elegidos, s\u00f3lo nosotros, al final mueren, mueren primero en el alma despu\u00e9s morir\u00e1n en el cuerpo. Porque no tienen vida, no son capaces de generar vida, otras personas, otros pueblos, no son Ap\u00f3stoles.<\/p>\n<p>Y es el Esp\u00edritu quien nos conduce al encuentro con los hermanos, tambi\u00e9n hacia los m\u00e1s distantes en cualquier sentido, para que puedan compartir con nosotros el amor, la paz, la alegr\u00eda que el Se\u00f1or Resucitado nos ha dejado como regalo.<\/p>\n<p>\u00bfQu\u00e9 implica, para nuestras comunidades y para cada uno de nosotros, formar parte de una Iglesia que es cat\u00f3lica y apost\u00f3lica?<\/p>\n<p>1. En primer lugar, significa tener en el coraz\u00f3n la salvaci\u00f3n de toda la humanidad, no sentirse indiferentes o extra\u00f1os frente a la suerte de tantos de nuestros hermanos, sino abiertos y solidarios hacia ellos.<\/p>\n<p>2. Significa adem\u00e1s tener el sentido de la plenitud, de lo completo, de la armon\u00eda de la vida cristiana, rechazando siempre las posiciones parciales, unilaterales, que nos cierran en nosotros mismos.<\/p>\n<p>3. Formar parte de la Iglesia apost\u00f3lica quiere decir ser consciente de que nuestra fe est\u00e1 anclada en el anuncio y el testimonio de los mismos Ap\u00f3stoles de Jes\u00fas. Est\u00e1 anclada, es una larga cadena que viene desde all\u00ed. Y por eso sentirse siempre enviado, mandado, en comuni\u00f3n con los sucesores de los Ap\u00f3stoles, para anunciar, con el coraz\u00f3n lleno de alegr\u00eda, a Cristo y su amor a toda la humanidad.<\/p>\n<p>Pidamos entonces al Se\u00f1or renovar en nosotros el don de su Esp\u00edritu, para que toda comunidad cristiana y todo bautizado sea expresi\u00f3n de la santa madre Iglesia cat\u00f3lica y apost\u00f3lica.<\/p>\n<p>Audiencia general del Papa Francisco. Mi\u00e9rcoles 17 de septiembre.<\/p>\n","protected":false},"excerpt":{"rendered":"<p>Significado de estas dos notas caracter\u00edsiticas de la Iglesia y el valor tienen para la comunidad cristiana. Fuente: Catholic.net Cuando profesamos nuestra<span class=\"more-button\"><a href=\"https:\/\/codemar.net\/podcast\/la-iglesia-es-catolica-y-apostolica\/\" class=\"more-link\">Continuar lectura<span class=\"screen-reader-text\">La Iglesia es cat\u00f3lica y apost\u00f3lica<\/span><\/a><\/span><\/p>\n","protected":false},"author":1,"featured_media":1689,"comment_status":"open","ping_status":"open","sticky":false,"template":"","format":"standard","meta":{"episode_type":"","audio_file":"","podmotor_file_id":"","podmotor_episode_id":"","cover_image":"","cover_image_id":"","duration":"","filesize":"","filesize_raw":"","date_recorded":"","explicit":"","block":"","itunes_episode_number":"","itunes_title":"","itunes_season_number":"","itunes_episode_type":"","jetpack_post_was_ever_published":false,"_jetpack_newsletter_access":"","_jetpack_dont_email_post_to_subs":false,"_jetpack_newsletter_tier_id":0,"_jetpack_memberships_contains_paywalled_content":false,"_jetpack_memberships_contains_paid_content":false,"footnotes":"","jetpack_publicize_message":"","jetpack_publicize_feature_enabled":true,"jetpack_social_post_already_shared":false,"jetpack_social_options":{"image_generator_settings":{"template":"highway","default_image_id":0,"font":"","enabled":false},"version":2}},"categories":[27],"tags":[],"series":[],"class_list":["post-1687","post","type-post","status-publish","format-standard","has-post-thumbnail","hentry","category-defiende-tu-fe"],"episode_featured_image":"https:\/\/codemar.net\/podcast\/wp-content\/uploads\/2016\/06\/vaticano21-e1466893622751.jpg","episode_player_image":"https:\/\/i0.wp.com\/codemar.net\/podcast\/wp-content\/uploads\/2023\/04\/Evangelios-podcast-high-scaled.jpg?fit=2560%2C2560&ssl=1","download_link":"","player_link":"","audio_player":false,"episode_data":{"playerMode":"dark","subscribeUrls":{"apple_podcasts":{"key":"apple_podcasts","url":"https:\/\/podcasts.apple.com\/us\/podcast\/evangelio-diario\/id1485268840","label":"Apple Podcasts","class":"apple_podcasts","icon":"apple-podcasts.png"},"google_podcasts":{"key":"google_podcasts","url":"https:\/\/podcasts.google.com\/feed\/aHR0cHM6Ly9jb2RlbWFyLm5ldC9wb2RjYXN0L2ZlZWQvcG9kY2FzdA?sa=X&ved=0CAMQ9sEGahgKEwiA8KP5_6z-AhUAAAAAHQAAAAAQ4AE","label":"Google Podcasts","class":"google_podcasts","icon":"google-podcasts.png"},"spotify":{"key":"spotify","url":"https:\/\/open.spotify.com\/show\/1Q3Se9DdIlpbuLPkkftN9w","label":"Spotify","class":"spotify","icon":"spotify.png"}},"rssFeedUrl":"https:\/\/codemar.net\/podcast\/feed\/podcast\/default-podcast","embedCode":"<blockquote class=\"wp-embedded-content\" data-secret=\"hxGfpJWGWE\"><a href=\"https:\/\/codemar.net\/podcast\/la-iglesia-es-catolica-y-apostolica\/\">La Iglesia es cat\u00f3lica y apost\u00f3lica<\/a><\/blockquote><iframe sandbox=\"allow-scripts\" security=\"restricted\" src=\"https:\/\/codemar.net\/podcast\/la-iglesia-es-catolica-y-apostolica\/embed\/#?secret=hxGfpJWGWE\" width=\"500\" height=\"350\" title=\"&#8220;La Iglesia es cat\u00f3lica y apost\u00f3lica&#8221; &#8212; Centro Cultural Coraz\u00f3n de Mar\u00eda\" data-secret=\"hxGfpJWGWE\" frameborder=\"0\" marginwidth=\"0\" marginheight=\"0\" scrolling=\"no\" class=\"wp-embedded-content\"><\/iframe><script type=\"text\/javascript\">\n\/* <![CDATA[ *\/\n\/*! This file is auto-generated *\/\n!function(d,l){\"use strict\";l.querySelector&&d.addEventListener&&\"undefined\"!=typeof URL&&(d.wp=d.wp||{},d.wp.receiveEmbedMessage||(d.wp.receiveEmbedMessage=function(e){var t=e.data;if((t||t.secret||t.message||t.value)&&!\/[^a-zA-Z0-9]\/.test(t.secret)){for(var s,r,n,a=l.querySelectorAll('iframe[data-secret=\"'+t.secret+'\"]'),o=l.querySelectorAll('blockquote[data-secret=\"'+t.secret+'\"]'),c=new RegExp(\"^https?:$\",\"i\"),i=0;i<o.length;i++)o[i].style.display=\"none\";for(i=0;i<a.length;i++)s=a[i],e.source===s.contentWindow&&(s.removeAttribute(\"style\"),\"height\"===t.message?(1e3<(r=parseInt(t.value,10))?r=1e3:~~r<200&&(r=200),s.height=r):\"link\"===t.message&&(r=new URL(s.getAttribute(\"src\")),n=new URL(t.value),c.test(n.protocol))&&n.host===r.host&&l.activeElement===s&&(d.top.location.href=t.value))}},d.addEventListener(\"message\",d.wp.receiveEmbedMessage,!1),l.addEventListener(\"DOMContentLoaded\",function(){for(var e,t,s=l.querySelectorAll(\"iframe.wp-embedded-content\"),r=0;r<s.length;r++)(t=(e=s[r]).getAttribute(\"data-secret\"))||(t=Math.random().toString(36).substring(2,12),e.src+=\"#?secret=\"+t,e.setAttribute(\"data-secret\",t)),e.contentWindow.postMessage({message:\"ready\",secret:t},\"*\")},!1)))}(window,document);\n\/\/# sourceURL=https:\/\/codemar.net\/podcast\/wp-includes\/js\/wp-embed.min.js\n\/* ]]> *\/\n<\/script>\n"},"jetpack_publicize_connections":[],"jetpack_featured_media_url":"https:\/\/i0.wp.com\/codemar.net\/podcast\/wp-content\/uploads\/2016\/06\/vaticano21-e1466893622751.jpg?fit=640%2C366&ssl=1","jetpack_shortlink":"https:\/\/wp.me\/p4bNxE-rd","jetpack_sharing_enabled":true,"_links":{"self":[{"href":"https:\/\/codemar.net\/podcast\/wp-json\/wp\/v2\/posts\/1687","targetHints":{"allow":["GET"]}}],"collection":[{"href":"https:\/\/codemar.net\/podcast\/wp-json\/wp\/v2\/posts"}],"about":[{"href":"https:\/\/codemar.net\/podcast\/wp-json\/wp\/v2\/types\/post"}],"author":[{"embeddable":true,"href":"https:\/\/codemar.net\/podcast\/wp-json\/wp\/v2\/users\/1"}],"replies":[{"embeddable":true,"href":"https:\/\/codemar.net\/podcast\/wp-json\/wp\/v2\/comments?post=1687"}],"version-history":[{"count":1,"href":"https:\/\/codemar.net\/podcast\/wp-json\/wp\/v2\/posts\/1687\/revisions"}],"predecessor-version":[{"id":1688,"href":"https:\/\/codemar.net\/podcast\/wp-json\/wp\/v2\/posts\/1687\/revisions\/1688"}],"wp:featuredmedia":[{"embeddable":true,"href":"https:\/\/codemar.net\/podcast\/wp-json\/wp\/v2\/media\/1689"}],"wp:attachment":[{"href":"https:\/\/codemar.net\/podcast\/wp-json\/wp\/v2\/media?parent=1687"}],"wp:term":[{"taxonomy":"category","embeddable":true,"href":"https:\/\/codemar.net\/podcast\/wp-json\/wp\/v2\/categories?post=1687"},{"taxonomy":"post_tag","embeddable":true,"href":"https:\/\/codemar.net\/podcast\/wp-json\/wp\/v2\/tags?post=1687"},{"taxonomy":"series","embeddable":true,"href":"https:\/\/codemar.net\/podcast\/wp-json\/wp\/v2\/series?post=1687"}],"curies":[{"name":"wp","href":"https:\/\/api.w.org\/{rel}","templated":true}]}}