{"id":1681,"date":"2016-06-24T16:11:05","date_gmt":"2016-06-24T22:11:05","guid":{"rendered":"http:\/\/codemar.net\/podcast\/?p=1681"},"modified":"2016-06-25T16:13:57","modified_gmt":"2016-06-25T22:13:57","slug":"san-juan-bautista-3","status":"publish","type":"post","link":"https:\/\/codemar.net\/podcast\/san-juan-bautista-3\/","title":{"rendered":"San Juan Bautista"},"content":{"rendered":"<h4>Del Evangelio seg\u00fan San Lucas 1, 57-66. 80<\/h4>\n<p>Cuando lleg\u00f3 el tiempo en que Isabel deb\u00eda ser madre, dio a luz un hijo. Al enterarse sus vecinos y parientes de la gran misericordia con que Dios la hab\u00eda tratado, se alegraban con ella.<br \/>\nA los ocho d\u00edas, se reunieron para circuncidar al ni\u00f1o, y quer\u00edan llamarlo Zacar\u00edas, como su padre; pero la madre dijo: \u00abNo, debe llamarse Juan\u00bb.<br \/>\nEllos le dec\u00edan: \u00abNo hay nadie en tu familia que lleve ese nombre\u00bb.<br \/>\nEntonces preguntaron por se\u00f1as al padre qu\u00e9 nombre quer\u00eda que le pusieran. \u00c9ste pidi\u00f3 una pizarra y escribi\u00f3: \u00abSu nombre es Juan\u00bb.<br \/>\nTodos quedaron admirados. Y en ese mismo momento, Zacar\u00edas recuper\u00f3 el habla y comenz\u00f3 a alabar a Dios.<br \/>\nEste acontecimiento produjo una gran impresi\u00f3n entre la gente de los alrededores, y se lo comentaba en toda la regi\u00f3n monta\u00f1osa de Judea. Todos los que se enteraron guardaban este recuerdo en su coraz\u00f3n y se dec\u00edan: \u00ab\u00bfQu\u00e9 llegar\u00e1 a ser este ni\u00f1o?\u00bb Porque la mano del Se\u00f1or estaba con \u00e9l.<br \/>\nEl ni\u00f1o iba creciendo y se fortalec\u00eda en su esp\u00edritu; y vivi\u00f3 en lugares desiertos hasta el d\u00eda en que se manifest\u00f3 a Israel.<\/p>\n<p>Palabra del Se\u00f1or.<\/p>\n<audio class=\"wp-audio-shortcode\" id=\"audio-1681-1\" autoplay preload=\"none\" style=\"width: 100%;\" controls=\"controls\"><source type=\"audio\/ogg\" src=\"http:\/\/codemar.net\/podcast\/wp-content\/uploads\/2016\/06\/C42-San-Juan-Bautista.ogg?_=1\" \/><source type=\"audio\/mpeg\" src=\"http:\/\/codemar.net\/liturgico\/media\/2016-06-25_c42-san_juan_bautista.m4a?_=1\" \/><a href=\"http:\/\/codemar.net\/podcast\/wp-content\/uploads\/2016\/06\/C42-San-Juan-Bautista.ogg\">http:\/\/codemar.net\/podcast\/wp-content\/uploads\/2016\/06\/C42-San-Juan-Bautista.ogg<\/a><\/audio>\n","protected":false},"excerpt":{"rendered":"<p>Del Evangelio seg\u00fan San Lucas 1, 57-66. 80 Cuando lleg\u00f3 el tiempo en que Isabel deb\u00eda ser madre, dio a luz un<span class=\"more-button\"><a href=\"https:\/\/codemar.net\/podcast\/san-juan-bautista-3\/\" class=\"more-link\">Continuar lectura<span class=\"screen-reader-text\">San Juan Bautista<\/span><\/a><\/span><\/p>\n","protected":false},"author":1,"featured_media":1677,"comment_status":"open","ping_status":"open","sticky":false,"template":"","format":"standard","meta":{"episode_type":"","audio_file":"http:\/\/codemar.net\/liturgico\/media\/2016-06-25_c42-san_juan_bautista.m4a\r\n0\r\naudio\/mpeg\r\n","podmotor_file_id":"","podmotor_episode_id":"","cover_image":"","cover_image_id":"","duration":"","filesize":"","filesize_raw":"","date_recorded":"","explicit":"","block":"","itunes_episode_number":"","itunes_title":"","itunes_season_number":"","itunes_episode_type":"","jetpack_post_was_ever_published":false,"_jetpack_newsletter_access":"","_jetpack_dont_email_post_to_subs":false,"_jetpack_newsletter_tier_id":0,"_jetpack_memberships_contains_paywalled_content":false,"_jetpack_memberships_contains_paid_content":false,"footnotes":"","jetpack_publicize_message":"","jetpack_publicize_feature_enabled":true,"jetpack_social_post_already_shared":false,"jetpack_social_options":{"image_generator_settings":{"template":"highway","default_image_id":0,"font":"","enabled":false},"version":2}},"categories":[11],"tags":[],"series":[84],"class_list":["post-1681","post","type-post","status-publish","format-standard","has-post-thumbnail","hentry","category-festiva","series-default-podcast"],"episode_featured_image":"https:\/\/codemar.net\/podcast\/wp-content\/uploads\/2016\/06\/JuanBautistaNacimiento-24Junio-e1466892179643.jpg","episode_player_image":"https:\/\/i0.wp.com\/codemar.net\/podcast\/wp-content\/uploads\/2023\/04\/Evangelios-podcast-high-scaled.jpg?fit=2560%2C2560&ssl=1","download_link":"https:\/\/codemar.net\/podcast\/podcast-download\/1681\/san-juan-bautista-3.mp3","player_link":"https:\/\/codemar.net\/podcast\/podcast-player\/1681\/san-juan-bautista-3.mp3","audio_player":null,"episode_data":{"playerMode":"dark","subscribeUrls":{"apple_podcasts":{"key":"apple_podcasts","url":"https:\/\/podcasts.apple.com\/us\/podcast\/evangelio-diario\/id1485268840","label":"Apple Podcasts","class":"apple_podcasts","icon":"apple-podcasts.png"},"google_podcasts":{"key":"google_podcasts","url":"https:\/\/podcasts.google.com\/feed\/aHR0cHM6Ly9jb2RlbWFyLm5ldC9wb2RjYXN0L2ZlZWQvcG9kY2FzdA?sa=X&ved=0CAMQ9sEGahgKEwiA8KP5_6z-AhUAAAAAHQAAAAAQ4AE","label":"Google Podcasts","class":"google_podcasts","icon":"google-podcasts.png"},"spotify":{"key":"spotify","url":"https:\/\/open.spotify.com\/show\/1Q3Se9DdIlpbuLPkkftN9w","label":"Spotify","class":"spotify","icon":"spotify.png"}},"rssFeedUrl":"https:\/\/codemar.net\/podcast\/feed\/podcast\/default-podcast","embedCode":"<blockquote class=\"wp-embedded-content\" data-secret=\"8mSWVWubwq\"><a href=\"https:\/\/codemar.net\/podcast\/san-juan-bautista-3\/\">San Juan Bautista<\/a><\/blockquote><iframe sandbox=\"allow-scripts\" security=\"restricted\" src=\"https:\/\/codemar.net\/podcast\/san-juan-bautista-3\/embed\/#?secret=8mSWVWubwq\" width=\"500\" height=\"350\" title=\"&#8220;San Juan Bautista&#8221; &#8212; Centro Cultural Coraz\u00f3n de Mar\u00eda\" data-secret=\"8mSWVWubwq\" frameborder=\"0\" marginwidth=\"0\" marginheight=\"0\" scrolling=\"no\" class=\"wp-embedded-content\"><\/iframe><script type=\"text\/javascript\">\n\/* <![CDATA[ *\/\n\/*! This file is auto-generated *\/\n!function(d,l){\"use strict\";l.querySelector&&d.addEventListener&&\"undefined\"!=typeof URL&&(d.wp=d.wp||{},d.wp.receiveEmbedMessage||(d.wp.receiveEmbedMessage=function(e){var t=e.data;if((t||t.secret||t.message||t.value)&&!\/[^a-zA-Z0-9]\/.test(t.secret)){for(var s,r,n,a=l.querySelectorAll('iframe[data-secret=\"'+t.secret+'\"]'),o=l.querySelectorAll('blockquote[data-secret=\"'+t.secret+'\"]'),c=new RegExp(\"^https?:$\",\"i\"),i=0;i<o.length;i++)o[i].style.display=\"none\";for(i=0;i<a.length;i++)s=a[i],e.source===s.contentWindow&&(s.removeAttribute(\"style\"),\"height\"===t.message?(1e3<(r=parseInt(t.value,10))?r=1e3:~~r<200&&(r=200),s.height=r):\"link\"===t.message&&(r=new URL(s.getAttribute(\"src\")),n=new URL(t.value),c.test(n.protocol))&&n.host===r.host&&l.activeElement===s&&(d.top.location.href=t.value))}},d.addEventListener(\"message\",d.wp.receiveEmbedMessage,!1),l.addEventListener(\"DOMContentLoaded\",function(){for(var e,t,s=l.querySelectorAll(\"iframe.wp-embedded-content\"),r=0;r<s.length;r++)(t=(e=s[r]).getAttribute(\"data-secret\"))||(t=Math.random().toString(36).substring(2,12),e.src+=\"#?secret=\"+t,e.setAttribute(\"data-secret\",t)),e.contentWindow.postMessage({message:\"ready\",secret:t},\"*\")},!1)))}(window,document);\n\/\/# sourceURL=https:\/\/codemar.net\/podcast\/wp-includes\/js\/wp-embed.min.js\n\/* ]]> *\/\n<\/script>\n"},"jetpack_publicize_connections":[],"jetpack_featured_media_url":"https:\/\/i0.wp.com\/codemar.net\/podcast\/wp-content\/uploads\/2016\/06\/JuanBautistaNacimiento-24Junio-e1466892179643.jpg?fit=639%2C365&ssl=1","jetpack_shortlink":"https:\/\/wp.me\/p4bNxE-r7","jetpack_sharing_enabled":true,"_links":{"self":[{"href":"https:\/\/codemar.net\/podcast\/wp-json\/wp\/v2\/posts\/1681","targetHints":{"allow":["GET"]}}],"collection":[{"href":"https:\/\/codemar.net\/podcast\/wp-json\/wp\/v2\/posts"}],"about":[{"href":"https:\/\/codemar.net\/podcast\/wp-json\/wp\/v2\/types\/post"}],"author":[{"embeddable":true,"href":"https:\/\/codemar.net\/podcast\/wp-json\/wp\/v2\/users\/1"}],"replies":[{"embeddable":true,"href":"https:\/\/codemar.net\/podcast\/wp-json\/wp\/v2\/comments?post=1681"}],"version-history":[{"count":2,"href":"https:\/\/codemar.net\/podcast\/wp-json\/wp\/v2\/posts\/1681\/revisions"}],"predecessor-version":[{"id":1685,"href":"https:\/\/codemar.net\/podcast\/wp-json\/wp\/v2\/posts\/1681\/revisions\/1685"}],"wp:featuredmedia":[{"embeddable":true,"href":"https:\/\/codemar.net\/podcast\/wp-json\/wp\/v2\/media\/1677"}],"wp:attachment":[{"href":"https:\/\/codemar.net\/podcast\/wp-json\/wp\/v2\/media?parent=1681"}],"wp:term":[{"taxonomy":"category","embeddable":true,"href":"https:\/\/codemar.net\/podcast\/wp-json\/wp\/v2\/categories?post=1681"},{"taxonomy":"post_tag","embeddable":true,"href":"https:\/\/codemar.net\/podcast\/wp-json\/wp\/v2\/tags?post=1681"},{"taxonomy":"series","embeddable":true,"href":"https:\/\/codemar.net\/podcast\/wp-json\/wp\/v2\/series?post=1681"}],"curies":[{"name":"wp","href":"https:\/\/api.w.org\/{rel}","templated":true}]}}