{"id":1673,"date":"2016-06-22T03:00:00","date_gmt":"2016-06-22T09:00:00","guid":{"rendered":"http:\/\/codemar.net\/podcast\/?p=1673"},"modified":"2016-06-22T03:00:00","modified_gmt":"2016-06-22T09:00:00","slug":"lectura-misa-del-dia-miercoles-junio-22-2016","status":"publish","type":"post","link":"https:\/\/codemar.net\/podcast\/lectura-misa-del-dia-miercoles-junio-22-2016\/","title":{"rendered":"Lectura Misa del Dia Mi\u00e9rcoles Junio 22 2016"},"content":{"rendered":"<p><!--\n.style1 {\n\tcolor: #009900;\n\tfont-style: italic;\n}\n--><\/p>\n<h3>Mi&eacute;rcoles de la XII semana del Tiempo ordinario<\/h3>\n<p><strong>2  Reyes: 22, 8-13; 23, 1-3<\/strong><\/p>\n<p class=\"style1\">El rey ley&oacute; delante de todo el pueblo el libro de la alianza, encontrado en el templo, y renov&oacute; la alianza en presencia del Se&ntilde;or.<\/p>\n<p align=\"justify\">Por aquel entonces, el sumo sacerdote Jilqu&iacute;as dijo a Saf&aacute;n, delegado del rey Jos&iacute;as: &quot;He hallado en el templo el libro de la ley&quot;. Jilqu&iacute;as entreg&oacute; el libro a Saf&aacute;n, quien lo ley&oacute;. Luego, Saf&aacute;n fue a ver al rey y le rindi&oacute; cuentas, diciendo: &quot;Tus siervos han fundido el dinero del templo y se lo han entregado a los encargados de las obras&quot;. Y a&ntilde;adi&oacute;: &quot;El sacerdote Jilqu&iacute;as me ha entregado un libro&quot;. Y lo ley&oacute; en presencia del rey. Cuando el rey oy&oacute; las palabras del libro de la ley, rasg&oacute; sus vestiduras y orden&oacute; al sacerdote Jilqu&iacute;as; a Ajicam, hijo de Saf&aacute;n; a Akbor, hijo de Miqueas; al delegado Saf&aacute;n y a Asa&iacute;as, ministro suyo: &quot;Vayan a consultar lo que dice el Se&ntilde;or acerca de m&iacute;, del pueblo y de todo Jud&aacute; en este libro que se ha encontrado, pues el Se&ntilde;or est&aacute; enfurecido con nosotros, porque nuestros padres no escucharon las palabras de este libro y no cumplieron lo que en &eacute;l est&aacute; escrito&quot;. Cuando ellos trajeron la respuesta, el rey convoc&oacute; a todos los ancianos de Jud&aacute; y de Jerusal&eacute;n y se dirigi&oacute; hacia el templo, acompa&ntilde;ado por los hombres de Jud&aacute; y todos los habitantes de Jerusal&eacute;n, los sacerdotes, los profetas y todo el pueblo, desde el m&aacute;s peque&ntilde;o hasta el m&aacute;s grande, y les ley&oacute; el libro de la alianza, hallado en el templo. Despu&eacute;s, de pie sobre el estrado y en presencia del Se&ntilde;or, renov&oacute; la alianza, comprometi&eacute;ndose a seguir al Se&ntilde;or y a cumplir sus preceptos, normas y mandatos, con todo el coraz&oacute;n y toda el alma, y a poner en vigor las palabras de esta alianza, escritas en el libro. Y todo el pueblo renov&oacute; tambi&eacute;n la alianza.&nbsp;<\/p>\n<p><strong>Del salmo 118 <\/strong><\/p>\n<p class=\"style1\">R\/. Mu&eacute;stranos, Se&ntilde;or, el camino de tus leyes.<\/p>\n<p>  Mu&eacute;strame, Se&ntilde;or, el camino de tus leyes y yo lo seguir&eacute; con cuidado. Ens&eacute;&ntilde;ame a cumplir tu voluntad y a guardarla de todo coraz&oacute;n. R\/.<\/p>\n<p>  Gu&iacute;ame por la senda de tu ley, que es lo que quiero. Inclina mi coraz&oacute;n a tus preceptos, y no a la avaricia. R\/.<\/p>\n<p>  Aparta mis ojos de las vanidades, dame vida con tu palabra. Mira c&oacute;mo anhelo tus decretos: dame vida con tu justicia. R\/.<\/p>\n<p><strong>San Mateo: 7, 15-20<\/strong><\/p>\n<p class=\"style1\">Por sus frutos los conocer&aacute;n.<\/p>\n<p align=\"justify\">En aquel tiempo, Jes&uacute;s dijo a sus disc&iacute;pulos: &quot;Cuidado con los falsos profetas. Se acercan a ustedes disfrazados de ovejas, pero por dentro son lobos rapaces. Por sus frutos los conocer&aacute;n. &iquest;Acaso se recogen uvas de los espinos o higos de los cardos?<\/p>\n<p align=\"justify\">  Todo &aacute;rbol bueno da frutos buenos y el &aacute;rbol malo da frutos malos. Un &aacute;rbol bueno no puede producir frutos malos y un &aacute;rbol malo no puede producir frutos buenos. Todo &aacute;rbol que no produce frutos buenos es cortado y arrojado al fuego. As&iacute; que por sus frutos los conocer&aacute;n&quot;.<\/p>\n<p>Source: Lecturas para la misa de hoy<\/p>\n","protected":false},"excerpt":{"rendered":"<p>Mi&eacute;rcoles de la XII semana del Tiempo ordinario 2 Reyes: 22, 8-13; 23, 1-3 El rey ley&oacute; delante de todo el pueblo<span class=\"more-button\"><a href=\"https:\/\/codemar.net\/podcast\/lectura-misa-del-dia-miercoles-junio-22-2016\/\" class=\"more-link\">Continuar lectura<span class=\"screen-reader-text\">Lectura Misa del Dia Mi\u00e9rcoles Junio 22 2016<\/span><\/a><\/span><\/p>\n","protected":false},"author":1,"featured_media":0,"comment_status":"open","ping_status":"open","sticky":false,"template":"","format":"standard","meta":{"episode_type":"","audio_file":"","podmotor_file_id":"","podmotor_episode_id":"","cover_image":"","cover_image_id":"","duration":"","filesize":"","filesize_raw":"","date_recorded":"","explicit":"","block":"","itunes_episode_number":"","itunes_title":"","itunes_season_number":"","itunes_episode_type":"","jetpack_post_was_ever_published":false,"_jetpack_newsletter_access":"","_jetpack_dont_email_post_to_subs":false,"_jetpack_newsletter_tier_id":0,"_jetpack_memberships_contains_paywalled_content":false,"_jetpack_memberships_contains_paid_content":false,"footnotes":"","jetpack_publicize_message":"","jetpack_publicize_feature_enabled":true,"jetpack_social_post_already_shared":false,"jetpack_social_options":{"image_generator_settings":{"template":"highway","default_image_id":0,"font":"","enabled":false},"version":2}},"categories":[23],"tags":[22],"series":[],"class_list":["post-1673","post","type-post","status-publish","format-standard","hentry","category-lectura","tag-lecturas"],"episode_featured_image":false,"episode_player_image":"https:\/\/i0.wp.com\/codemar.net\/podcast\/wp-content\/uploads\/2023\/04\/Evangelios-podcast-high-scaled.jpg?fit=2560%2C2560&ssl=1","download_link":"","player_link":"","audio_player":false,"episode_data":{"playerMode":"dark","subscribeUrls":{"apple_podcasts":{"key":"apple_podcasts","url":"https:\/\/podcasts.apple.com\/us\/podcast\/evangelio-diario\/id1485268840","label":"Apple Podcasts","class":"apple_podcasts","icon":"apple-podcasts.png"},"google_podcasts":{"key":"google_podcasts","url":"https:\/\/podcasts.google.com\/feed\/aHR0cHM6Ly9jb2RlbWFyLm5ldC9wb2RjYXN0L2ZlZWQvcG9kY2FzdA?sa=X&ved=0CAMQ9sEGahgKEwiA8KP5_6z-AhUAAAAAHQAAAAAQ4AE","label":"Google Podcasts","class":"google_podcasts","icon":"google-podcasts.png"},"spotify":{"key":"spotify","url":"https:\/\/open.spotify.com\/show\/1Q3Se9DdIlpbuLPkkftN9w","label":"Spotify","class":"spotify","icon":"spotify.png"}},"rssFeedUrl":"https:\/\/codemar.net\/podcast\/feed\/podcast\/default-podcast","embedCode":"<blockquote class=\"wp-embedded-content\" data-secret=\"4Brb9aOU0q\"><a href=\"https:\/\/codemar.net\/podcast\/lectura-misa-del-dia-miercoles-junio-22-2016\/\">Lectura Misa del Dia Mi\u00e9rcoles Junio 22 2016<\/a><\/blockquote><iframe sandbox=\"allow-scripts\" security=\"restricted\" src=\"https:\/\/codemar.net\/podcast\/lectura-misa-del-dia-miercoles-junio-22-2016\/embed\/#?secret=4Brb9aOU0q\" width=\"500\" height=\"350\" title=\"&#8220;Lectura Misa del Dia Mi\u00e9rcoles Junio 22 2016&#8221; &#8212; Centro Cultural Coraz\u00f3n de Mar\u00eda\" data-secret=\"4Brb9aOU0q\" frameborder=\"0\" marginwidth=\"0\" marginheight=\"0\" scrolling=\"no\" class=\"wp-embedded-content\"><\/iframe><script type=\"text\/javascript\">\n\/* <![CDATA[ *\/\n\/*! This file is auto-generated *\/\n!function(d,l){\"use strict\";l.querySelector&&d.addEventListener&&\"undefined\"!=typeof URL&&(d.wp=d.wp||{},d.wp.receiveEmbedMessage||(d.wp.receiveEmbedMessage=function(e){var t=e.data;if((t||t.secret||t.message||t.value)&&!\/[^a-zA-Z0-9]\/.test(t.secret)){for(var s,r,n,a=l.querySelectorAll('iframe[data-secret=\"'+t.secret+'\"]'),o=l.querySelectorAll('blockquote[data-secret=\"'+t.secret+'\"]'),c=new RegExp(\"^https?:$\",\"i\"),i=0;i<o.length;i++)o[i].style.display=\"none\";for(i=0;i<a.length;i++)s=a[i],e.source===s.contentWindow&&(s.removeAttribute(\"style\"),\"height\"===t.message?(1e3<(r=parseInt(t.value,10))?r=1e3:~~r<200&&(r=200),s.height=r):\"link\"===t.message&&(r=new URL(s.getAttribute(\"src\")),n=new URL(t.value),c.test(n.protocol))&&n.host===r.host&&l.activeElement===s&&(d.top.location.href=t.value))}},d.addEventListener(\"message\",d.wp.receiveEmbedMessage,!1),l.addEventListener(\"DOMContentLoaded\",function(){for(var e,t,s=l.querySelectorAll(\"iframe.wp-embedded-content\"),r=0;r<s.length;r++)(t=(e=s[r]).getAttribute(\"data-secret\"))||(t=Math.random().toString(36).substring(2,12),e.src+=\"#?secret=\"+t,e.setAttribute(\"data-secret\",t)),e.contentWindow.postMessage({message:\"ready\",secret:t},\"*\")},!1)))}(window,document);\n\/\/# sourceURL=https:\/\/codemar.net\/podcast\/wp-includes\/js\/wp-embed.min.js\n\/* ]]> *\/\n<\/script>\n"},"jetpack_publicize_connections":[],"jetpack_featured_media_url":"","jetpack_shortlink":"https:\/\/wp.me\/p4bNxE-qZ","jetpack_sharing_enabled":true,"_links":{"self":[{"href":"https:\/\/codemar.net\/podcast\/wp-json\/wp\/v2\/posts\/1673","targetHints":{"allow":["GET"]}}],"collection":[{"href":"https:\/\/codemar.net\/podcast\/wp-json\/wp\/v2\/posts"}],"about":[{"href":"https:\/\/codemar.net\/podcast\/wp-json\/wp\/v2\/types\/post"}],"author":[{"embeddable":true,"href":"https:\/\/codemar.net\/podcast\/wp-json\/wp\/v2\/users\/1"}],"replies":[{"embeddable":true,"href":"https:\/\/codemar.net\/podcast\/wp-json\/wp\/v2\/comments?post=1673"}],"version-history":[{"count":0,"href":"https:\/\/codemar.net\/podcast\/wp-json\/wp\/v2\/posts\/1673\/revisions"}],"wp:attachment":[{"href":"https:\/\/codemar.net\/podcast\/wp-json\/wp\/v2\/media?parent=1673"}],"wp:term":[{"taxonomy":"category","embeddable":true,"href":"https:\/\/codemar.net\/podcast\/wp-json\/wp\/v2\/categories?post=1673"},{"taxonomy":"post_tag","embeddable":true,"href":"https:\/\/codemar.net\/podcast\/wp-json\/wp\/v2\/tags?post=1673"},{"taxonomy":"series","embeddable":true,"href":"https:\/\/codemar.net\/podcast\/wp-json\/wp\/v2\/series?post=1673"}],"curies":[{"name":"wp","href":"https:\/\/api.w.org\/{rel}","templated":true}]}}