{"id":1644,"date":"2016-06-05T11:25:49","date_gmt":"2016-06-05T17:25:49","guid":{"rendered":"http:\/\/codemar.net\/podcast\/?p=1644"},"modified":"2016-06-05T11:25:49","modified_gmt":"2016-06-05T17:25:49","slug":"imperdible-catequesis-animada-sobre-la-eucaristia","status":"publish","type":"post","link":"https:\/\/codemar.net\/podcast\/imperdible-catequesis-animada-sobre-la-eucaristia\/","title":{"rendered":"Imperdible catequesis animada sobre la Eucarist\u00eda"},"content":{"rendered":"<h4>&#8220;Esto es mi cuerpo&#8221;<\/h4>\n<pre>Fuente: Catholic-link.com<\/pre>\n<p>\u00bfCu\u00e1ntas veces nos encontramos con personas que, ante lo que ven u oyen de la misa, nos piden una explicaci\u00f3n sobre lo que la Eucarist\u00eda significa? \u00bfCu\u00e1ntas veces no hemos sabido claramente por d\u00f3nde empezar? El misterio de la misa y de la eucarist\u00eda es tan grande que, incluso para los cat\u00f3licos que participamos semanalmente de ella, es siempre como un oc\u00e9ano en el cual se va profundizando como en una peque\u00f1a barca que va entrando siempre m\u00e1s y m\u00e1s.<\/p>\n<p>A continuaci\u00f3n les presentamos una excelente animaci\u00f3n realizada por Sophia Institute of Teachers, una organizaci\u00f3n que desarrolla material cat\u00f3lico para la ense\u00f1anza. En esta ocasi\u00f3n tenemos un video que, de forma  muy din\u00e1mica y clara, nos explica lo que significa la Eucarist\u00eda y su sentido en la vida de los cristianos dentro del gran marco de la historia de la reconciliaci\u00f3n. Una hermosa historia de amor en la que Dios va disponiendo maneras de acercarse a nosotros y poder saciar as\u00ed, por la santa comuni\u00f3n, su hambre del hombre y nuestra hambre de Dios.<\/p>\n<blockquote><p>\u00bfQu\u00e9 est\u00e1 sucediendo? \u00bfC\u00f3mo Jes\u00fas puede repartir su Cuerpo y su Sangre? Haciendo del pan su Cuerpo y del vino su Sangre, \u00c9l anticipa su muerte, la acepta en lo m\u00e1s \u00edntimo y la transforma en una acci\u00f3n de amor. Lo que desde el exterior es violencia brutal, desde el interior se transforma en un acto de un amor que se entrega totalmente. Esta es la transformaci\u00f3n sustancial que se realiz\u00f3 en el cen\u00e1culo y que estaba destinada a suscitar un proceso de transformaciones cuyo \u00faltimo fin es la transformaci\u00f3n del mundo hasta que Dios sea todo en todos (cf. 1 Cor 15,2. Desde siempre todos los hombres esperan en su coraz\u00f3n, de alg\u00fan modo, un cambio, una transformaci\u00f3n del mundo. Este es, ahora, el acto central de transformaci\u00f3n capaz de renovar verdaderamente el mundo: la violencia se transforma en amor y, por tanto, la muerte en vida.<br \/>\nBenedicto XVI. Jornada Mundial de la Juventud en Colonia.<\/p><\/blockquote>\n<p>La Santa Eucarist\u00eda se presenta tambi\u00e9n, tomando ense\u00f1anzas del cap\u00edtulo seis del evangelio seg\u00fan San Juan, como el alimento necesario para poder recibir la gracia santificante de Dios, que nos da la fuerza necesaria para alcanzar la santidad. Es una excelente experiencia espiritual poder recordar con tanta claridad la grandeza de un Dios lleno de amor que nos busca constantemente.<\/p>\n<div class=\"jetpack-video-wrapper\"><span class=\"embed-youtube\" style=\"text-align:center; display: block;\"><iframe class=\"youtube-player\" width=\"1040\" height=\"585\" src=\"https:\/\/www.youtube.com\/embed\/1NK02zRLHWo?version=3&#038;rel=1&#038;showsearch=0&#038;showinfo=1&#038;iv_load_policy=1&#038;fs=1&#038;hl=es-GT&#038;autohide=2&#038;wmode=transparent\" allowfullscreen=\"true\" style=\"border:0;\" sandbox=\"allow-scripts allow-same-origin allow-popups allow-presentation allow-popups-to-escape-sandbox\"><\/iframe><\/span><\/div>\n","protected":false},"excerpt":{"rendered":"<p>&#8220;Esto es mi cuerpo&#8221; Fuente: Catholic-link.com \u00bfCu\u00e1ntas veces nos encontramos con personas que, ante lo que ven u oyen de la misa,<span class=\"more-button\"><a href=\"https:\/\/codemar.net\/podcast\/imperdible-catequesis-animada-sobre-la-eucaristia\/\" class=\"more-link\">Continuar lectura<span class=\"screen-reader-text\">Imperdible catequesis animada sobre la Eucarist\u00eda<\/span><\/a><\/span><\/p>\n","protected":false},"author":1,"featured_media":1646,"comment_status":"open","ping_status":"open","sticky":false,"template":"","format":"standard","meta":{"episode_type":"","audio_file":"","podmotor_file_id":"","podmotor_episode_id":"","cover_image":"","cover_image_id":"","duration":"","filesize":"","filesize_raw":"","date_recorded":"","explicit":"","block":"","itunes_episode_number":"","itunes_title":"","itunes_season_number":"","itunes_episode_type":"","jetpack_post_was_ever_published":false,"_jetpack_newsletter_access":"","_jetpack_dont_email_post_to_subs":false,"_jetpack_newsletter_tier_id":0,"_jetpack_memberships_contains_paywalled_content":false,"_jetpack_memberships_contains_paid_content":false,"footnotes":"","jetpack_publicize_message":"","jetpack_publicize_feature_enabled":true,"jetpack_social_post_already_shared":false,"jetpack_social_options":{"image_generator_settings":{"template":"highway","default_image_id":0,"font":"","enabled":false},"version":2}},"categories":[19],"tags":[],"series":[],"class_list":["post-1644","post","type-post","status-publish","format-standard","has-post-thumbnail","hentry","category-misa"],"episode_featured_image":"https:\/\/codemar.net\/podcast\/wp-content\/uploads\/2016\/06\/imperdible-catequesis-animada-so.jpg","episode_player_image":"https:\/\/i0.wp.com\/codemar.net\/podcast\/wp-content\/uploads\/2023\/04\/Evangelios-podcast-high-scaled.jpg?fit=2560%2C2560&ssl=1","download_link":"","player_link":"","audio_player":false,"episode_data":{"playerMode":"dark","subscribeUrls":{"apple_podcasts":{"key":"apple_podcasts","url":"https:\/\/podcasts.apple.com\/us\/podcast\/evangelio-diario\/id1485268840","label":"Apple Podcasts","class":"apple_podcasts","icon":"apple-podcasts.png"},"google_podcasts":{"key":"google_podcasts","url":"https:\/\/podcasts.google.com\/feed\/aHR0cHM6Ly9jb2RlbWFyLm5ldC9wb2RjYXN0L2ZlZWQvcG9kY2FzdA?sa=X&ved=0CAMQ9sEGahgKEwiA8KP5_6z-AhUAAAAAHQAAAAAQ4AE","label":"Google Podcasts","class":"google_podcasts","icon":"google-podcasts.png"},"spotify":{"key":"spotify","url":"https:\/\/open.spotify.com\/show\/1Q3Se9DdIlpbuLPkkftN9w","label":"Spotify","class":"spotify","icon":"spotify.png"}},"rssFeedUrl":"https:\/\/codemar.net\/podcast\/feed\/podcast\/default-podcast","embedCode":"<blockquote class=\"wp-embedded-content\" data-secret=\"BwDdEwU9gS\"><a href=\"https:\/\/codemar.net\/podcast\/imperdible-catequesis-animada-sobre-la-eucaristia\/\">Imperdible catequesis animada sobre la Eucarist\u00eda<\/a><\/blockquote><iframe sandbox=\"allow-scripts\" security=\"restricted\" src=\"https:\/\/codemar.net\/podcast\/imperdible-catequesis-animada-sobre-la-eucaristia\/embed\/#?secret=BwDdEwU9gS\" width=\"500\" height=\"350\" title=\"&#8220;Imperdible catequesis animada sobre la Eucarist\u00eda&#8221; &#8212; Centro Cultural Coraz\u00f3n de Mar\u00eda\" data-secret=\"BwDdEwU9gS\" frameborder=\"0\" marginwidth=\"0\" marginheight=\"0\" scrolling=\"no\" class=\"wp-embedded-content\"><\/iframe><script type=\"text\/javascript\">\n\/* <![CDATA[ *\/\n\/*! This file is auto-generated *\/\n!function(d,l){\"use strict\";l.querySelector&&d.addEventListener&&\"undefined\"!=typeof URL&&(d.wp=d.wp||{},d.wp.receiveEmbedMessage||(d.wp.receiveEmbedMessage=function(e){var t=e.data;if((t||t.secret||t.message||t.value)&&!\/[^a-zA-Z0-9]\/.test(t.secret)){for(var s,r,n,a=l.querySelectorAll('iframe[data-secret=\"'+t.secret+'\"]'),o=l.querySelectorAll('blockquote[data-secret=\"'+t.secret+'\"]'),c=new RegExp(\"^https?:$\",\"i\"),i=0;i<o.length;i++)o[i].style.display=\"none\";for(i=0;i<a.length;i++)s=a[i],e.source===s.contentWindow&&(s.removeAttribute(\"style\"),\"height\"===t.message?(1e3<(r=parseInt(t.value,10))?r=1e3:~~r<200&&(r=200),s.height=r):\"link\"===t.message&&(r=new URL(s.getAttribute(\"src\")),n=new URL(t.value),c.test(n.protocol))&&n.host===r.host&&l.activeElement===s&&(d.top.location.href=t.value))}},d.addEventListener(\"message\",d.wp.receiveEmbedMessage,!1),l.addEventListener(\"DOMContentLoaded\",function(){for(var e,t,s=l.querySelectorAll(\"iframe.wp-embedded-content\"),r=0;r<s.length;r++)(t=(e=s[r]).getAttribute(\"data-secret\"))||(t=Math.random().toString(36).substring(2,12),e.src+=\"#?secret=\"+t,e.setAttribute(\"data-secret\",t)),e.contentWindow.postMessage({message:\"ready\",secret:t},\"*\")},!1)))}(window,document);\n\/\/# sourceURL=https:\/\/codemar.net\/podcast\/wp-includes\/js\/wp-embed.min.js\n\/* ]]> *\/\n<\/script>\n"},"jetpack_publicize_connections":[],"jetpack_featured_media_url":"https:\/\/i0.wp.com\/codemar.net\/podcast\/wp-content\/uploads\/2016\/06\/imperdible-catequesis-animada-so.jpg?fit=1920%2C1080&ssl=1","jetpack_shortlink":"https:\/\/wp.me\/p4bNxE-qw","jetpack_sharing_enabled":true,"_links":{"self":[{"href":"https:\/\/codemar.net\/podcast\/wp-json\/wp\/v2\/posts\/1644","targetHints":{"allow":["GET"]}}],"collection":[{"href":"https:\/\/codemar.net\/podcast\/wp-json\/wp\/v2\/posts"}],"about":[{"href":"https:\/\/codemar.net\/podcast\/wp-json\/wp\/v2\/types\/post"}],"author":[{"embeddable":true,"href":"https:\/\/codemar.net\/podcast\/wp-json\/wp\/v2\/users\/1"}],"replies":[{"embeddable":true,"href":"https:\/\/codemar.net\/podcast\/wp-json\/wp\/v2\/comments?post=1644"}],"version-history":[{"count":1,"href":"https:\/\/codemar.net\/podcast\/wp-json\/wp\/v2\/posts\/1644\/revisions"}],"predecessor-version":[{"id":1645,"href":"https:\/\/codemar.net\/podcast\/wp-json\/wp\/v2\/posts\/1644\/revisions\/1645"}],"wp:featuredmedia":[{"embeddable":true,"href":"https:\/\/codemar.net\/podcast\/wp-json\/wp\/v2\/media\/1646"}],"wp:attachment":[{"href":"https:\/\/codemar.net\/podcast\/wp-json\/wp\/v2\/media?parent=1644"}],"wp:term":[{"taxonomy":"category","embeddable":true,"href":"https:\/\/codemar.net\/podcast\/wp-json\/wp\/v2\/categories?post=1644"},{"taxonomy":"post_tag","embeddable":true,"href":"https:\/\/codemar.net\/podcast\/wp-json\/wp\/v2\/tags?post=1644"},{"taxonomy":"series","embeddable":true,"href":"https:\/\/codemar.net\/podcast\/wp-json\/wp\/v2\/series?post=1644"}],"curies":[{"name":"wp","href":"https:\/\/api.w.org\/{rel}","templated":true}]}}