{"id":1617,"date":"2016-06-03T08:40:00","date_gmt":"2016-06-03T14:40:00","guid":{"rendered":"http:\/\/codemar.net\/podcast\/?p=1617"},"modified":"2016-06-03T08:40:00","modified_gmt":"2016-06-03T14:40:00","slug":"las-posibles-apariciones-de-la-virgen-en-medjugorje","status":"publish","type":"post","link":"https:\/\/codemar.net\/podcast\/las-posibles-apariciones-de-la-virgen-en-medjugorje\/","title":{"rendered":"Las posibles apariciones de la Virgen en Medjugorje"},"content":{"rendered":"<p>Todo comenz\u00f3 en este lugar, una aldea en el coraz\u00f3n de la ex-Yugoslavia comunista, la actual zona croata de Bosnia Herzegovina. Se llama Medjugorje.<\/p>\n<p>Aqu\u00ed el 24 de junio de 1981, seis j\u00f3venes vieron por primera vez a una mujer que les llamaba. Dicen que era bell\u00edsima, ten\u00eda los &#8220;ojos azules, y les miraba con cari\u00f1o\u201d. Se identifica como la Virgen Mar\u00eda, Reina de la Paz, y lleva un mensaje de reconciliaci\u00f3n y perd\u00f3n.<\/p>\n<p>A partir de entonces, el encuentro se repite todos los d\u00edas al atardecer, en torno a las 18:30 de la tarde.<\/p>\n<div class=\"jetpack-video-wrapper\"><span class=\"embed-youtube\" style=\"text-align:center; display: block;\"><iframe class=\"youtube-player\" width=\"1040\" height=\"585\" src=\"https:\/\/www.youtube.com\/embed\/OELEeFXfRhU?version=3&#038;rel=1&#038;showsearch=0&#038;showinfo=1&#038;iv_load_policy=1&#038;fs=1&#038;hl=es-GT&#038;autohide=2&#038;wmode=transparent\" allowfullscreen=\"true\" style=\"border:0;\" sandbox=\"allow-scripts allow-same-origin allow-popups allow-presentation allow-popups-to-escape-sandbox\"><\/iframe><\/span><\/div>\n<h5>SAVERIO GAETA<br \/>\nAutor &#8220;Medjugorje: La \u00faltima Profec\u00eda\u201d<\/h5>\n<blockquote><p>&#8220;Medjugorje propone redescubrir a Dios como centro del hombre\u201d.<\/p><\/blockquote>\n<p>Con el paso del tiempo, la modalidad de las apariciones cambia. Para algunos videntes son diarias, para otros, anuales. Adem\u00e1s, la Virgen les revela diez secretos.<\/p>\n<h5>SAVERIO GAETA<br \/>\nAutor &#8220;Medjugorje: La \u00faltima Profec\u00eda\u201d<\/h5>\n<blockquote><p>&#8220;Hay unos secretos que, en el caso de que Medjugorje sea aut\u00e9ntica, ser\u00e1n revelados, a diferencia de otras apariciones, tres d\u00edas antes de que ocurran, para verificar si Dios tiene algo que ver con estas apariciones\u201d.<\/p><\/blockquote>\n<p>Actualmente la opini\u00f3n oficial de la Iglesia cat\u00f3lica es la que dieron los obispos de la ex-Yugoslavia en 1991: &#8220;Non constat de supernaturalitate\u201d; o sea que &#8220;no est\u00e1 verificado pero tampoco excluso\u201d que sean sobrenaturales. Por eso, no se pueden organizar peregrinaciones oficiales. Sin embargo, el Vaticano pidi\u00f3 que se diera la adecuada atenci\u00f3n a los peregrinos que all\u00ed viajen.<\/p>\n<p>Para zanjar la cuesti\u00f3n, Benedicto organiz\u00f3 en 2010 una comisi\u00f3n de expertos presidida por el cardenal Camilo Ruini, que ya ha terminado su trabajo.<\/p>\n<h5>CARD. CAMILLO RUINI<br \/>\n10 de enero de 2013<\/h5>\n<blockquote><p>&#8220;Somos una comisi\u00f3n consultiva, ofrecemos nuestra opini\u00f3n a la Congregaci\u00f3n para la Doctrina de la Fe, la cual se pronunciar\u00e1 siempre y cuando lo considerar\u00e1 oportuno\u201d.<\/p><\/blockquote>\n<p>A lo largo de tres a\u00f1os han analizado todo el dossier Medjugorje, comenzando por la credibilidad de los videntes. Saverio Gaeta piensa que para ellos hubiera sido m\u00e1s f\u00e1cil negar lo ocurrido.<\/p>\n<h5>SAVERIO GAETA<br \/>\nAutor &#8220;Medjugorje: La \u00faltima Profec\u00eda\u201d<\/h5>\n<blockquote><p>&#8220;El primer a\u00f1o de las apariciones, los padres de algunos de estos ni\u00f1os trabajaban en el extranjero. El gobierno les dijo: &#8220;Si no dej\u00e1is de decir que veis a la Virgen, vuestro padre no podr\u00e1 regresar a trabajar a Alemania\u201d, lo que para esa familia significaba pasar hambre\u201d.<\/p><\/blockquote>\n<p>Salvatore Perrella, experto mari\u00f3logo y miembro de la comisi\u00f3n, no habl\u00f3 del caso Medjugorje, pero detall\u00f3 otros factores que se estudian para comprobar si unas apariciones son aut\u00e9nticas.<\/p>\n<h5>SALVATORE PERRELLA<br \/>\nMari\u00f3logo<\/h5>\n<blockquote><p>&#8220;No puede haber contradicci\u00f3n entre la revelaci\u00f3n b\u00edblica esencial, Cristo y el Evangelio, con los supuestos mensajes que transmite la Virgen\u201d.<\/p><\/blockquote>\n<p>Aparentemente el trabajo de revisi\u00f3n ya est\u00e1 concluido. El Papa mencion\u00f3 recientemente que el Vaticano est\u00e1 estudiando el dossier y que espera tomar una decisi\u00f3n a corto plazo.<\/p>\n<p>Pero como a\u00fan est\u00e1n teniendo lugar las supuestas apariciones, lo m\u00e1s probable es que la Iglesia se pronuncie s\u00f3lo sobre su primera etapa.<\/p>\n<h5>SAVERIO GAETA<br \/>\nAutor &#8220;Medjugorje: La \u00faltima Profec\u00eda\u201d<\/h5>\n<blockquote><p>&#8220;Lo que cuenta es saber si la Madre de Dios ha venido al menos una vez. Ante eso, el juicio sobre las posteriores no es tan relevante\u201d.<\/p><\/blockquote>\n<p>El Vaticano deber\u00e1 tener en cuenta tambi\u00e9n el alto n\u00famero de conversiones que tienen lugar en Medjugorje. Un lugar que por ahora, es oficialmente s\u00f3lo una parroquia. Eso s\u00ed, quiz\u00e1 la m\u00e1s visitada del mundo.<\/p>\n","protected":false},"excerpt":{"rendered":"<p>Todo comenz\u00f3 en este lugar, una aldea en el coraz\u00f3n de la ex-Yugoslavia comunista, la actual zona croata de Bosnia Herzegovina. Se<span class=\"more-button\"><a href=\"https:\/\/codemar.net\/podcast\/las-posibles-apariciones-de-la-virgen-en-medjugorje\/\" class=\"more-link\">Continuar lectura<span class=\"screen-reader-text\">Las posibles apariciones de la Virgen en Medjugorje<\/span><\/a><\/span><\/p>\n","protected":false},"author":1,"featured_media":1620,"comment_status":"open","ping_status":"open","sticky":false,"template":"","format":"standard","meta":{"episode_type":"","audio_file":"","podmotor_file_id":"","podmotor_episode_id":"","cover_image":"","cover_image_id":"","duration":"","filesize":"","filesize_raw":"","date_recorded":"","explicit":"","block":"","itunes_episode_number":"","itunes_title":"","itunes_season_number":"","itunes_episode_type":"","jetpack_post_was_ever_published":false,"_jetpack_newsletter_access":"","_jetpack_dont_email_post_to_subs":false,"_jetpack_newsletter_tier_id":0,"_jetpack_memberships_contains_paywalled_content":false,"_jetpack_memberships_contains_paid_content":false,"footnotes":"","jetpack_publicize_message":"","jetpack_publicize_feature_enabled":true,"jetpack_social_post_already_shared":false,"jetpack_social_options":{"image_generator_settings":{"template":"highway","default_image_id":0,"font":"","enabled":false},"version":2}},"categories":[12],"tags":[],"series":[],"class_list":["post-1617","post","type-post","status-publish","format-standard","has-post-thumbnail","hentry","category-documental"],"episode_featured_image":"https:\/\/codemar.net\/podcast\/wp-content\/uploads\/2016\/06\/las-posibles-apariciones-de-la-v.jpg","episode_player_image":"https:\/\/i0.wp.com\/codemar.net\/podcast\/wp-content\/uploads\/2023\/04\/Evangelios-podcast-high-scaled.jpg?fit=2560%2C2560&ssl=1","download_link":"","player_link":"","audio_player":false,"episode_data":{"playerMode":"dark","subscribeUrls":{"apple_podcasts":{"key":"apple_podcasts","url":"https:\/\/podcasts.apple.com\/us\/podcast\/evangelio-diario\/id1485268840","label":"Apple Podcasts","class":"apple_podcasts","icon":"apple-podcasts.png"},"google_podcasts":{"key":"google_podcasts","url":"https:\/\/podcasts.google.com\/feed\/aHR0cHM6Ly9jb2RlbWFyLm5ldC9wb2RjYXN0L2ZlZWQvcG9kY2FzdA?sa=X&ved=0CAMQ9sEGahgKEwiA8KP5_6z-AhUAAAAAHQAAAAAQ4AE","label":"Google Podcasts","class":"google_podcasts","icon":"google-podcasts.png"},"spotify":{"key":"spotify","url":"https:\/\/open.spotify.com\/show\/1Q3Se9DdIlpbuLPkkftN9w","label":"Spotify","class":"spotify","icon":"spotify.png"}},"rssFeedUrl":"https:\/\/codemar.net\/podcast\/feed\/podcast\/default-podcast","embedCode":"<blockquote class=\"wp-embedded-content\" data-secret=\"ZBj44PgVjw\"><a href=\"https:\/\/codemar.net\/podcast\/las-posibles-apariciones-de-la-virgen-en-medjugorje\/\">Las posibles apariciones de la Virgen en Medjugorje<\/a><\/blockquote><iframe sandbox=\"allow-scripts\" security=\"restricted\" src=\"https:\/\/codemar.net\/podcast\/las-posibles-apariciones-de-la-virgen-en-medjugorje\/embed\/#?secret=ZBj44PgVjw\" width=\"500\" height=\"350\" title=\"&#8220;Las posibles apariciones de la Virgen en Medjugorje&#8221; &#8212; Centro Cultural Coraz\u00f3n de Mar\u00eda\" data-secret=\"ZBj44PgVjw\" frameborder=\"0\" marginwidth=\"0\" marginheight=\"0\" scrolling=\"no\" class=\"wp-embedded-content\"><\/iframe><script type=\"text\/javascript\">\n\/* <![CDATA[ *\/\n\/*! This file is auto-generated *\/\n!function(d,l){\"use strict\";l.querySelector&&d.addEventListener&&\"undefined\"!=typeof URL&&(d.wp=d.wp||{},d.wp.receiveEmbedMessage||(d.wp.receiveEmbedMessage=function(e){var t=e.data;if((t||t.secret||t.message||t.value)&&!\/[^a-zA-Z0-9]\/.test(t.secret)){for(var s,r,n,a=l.querySelectorAll('iframe[data-secret=\"'+t.secret+'\"]'),o=l.querySelectorAll('blockquote[data-secret=\"'+t.secret+'\"]'),c=new RegExp(\"^https?:$\",\"i\"),i=0;i<o.length;i++)o[i].style.display=\"none\";for(i=0;i<a.length;i++)s=a[i],e.source===s.contentWindow&&(s.removeAttribute(\"style\"),\"height\"===t.message?(1e3<(r=parseInt(t.value,10))?r=1e3:~~r<200&&(r=200),s.height=r):\"link\"===t.message&&(r=new URL(s.getAttribute(\"src\")),n=new URL(t.value),c.test(n.protocol))&&n.host===r.host&&l.activeElement===s&&(d.top.location.href=t.value))}},d.addEventListener(\"message\",d.wp.receiveEmbedMessage,!1),l.addEventListener(\"DOMContentLoaded\",function(){for(var e,t,s=l.querySelectorAll(\"iframe.wp-embedded-content\"),r=0;r<s.length;r++)(t=(e=s[r]).getAttribute(\"data-secret\"))||(t=Math.random().toString(36).substring(2,12),e.src+=\"#?secret=\"+t,e.setAttribute(\"data-secret\",t)),e.contentWindow.postMessage({message:\"ready\",secret:t},\"*\")},!1)))}(window,document);\n\/\/# sourceURL=https:\/\/codemar.net\/podcast\/wp-includes\/js\/wp-embed.min.js\n\/* ]]> *\/\n<\/script>\n"},"jetpack_publicize_connections":[],"jetpack_featured_media_url":"https:\/\/i0.wp.com\/codemar.net\/podcast\/wp-content\/uploads\/2016\/06\/las-posibles-apariciones-de-la-v.jpg?fit=480%2C360&ssl=1","jetpack_shortlink":"https:\/\/wp.me\/p4bNxE-q5","jetpack_sharing_enabled":true,"_links":{"self":[{"href":"https:\/\/codemar.net\/podcast\/wp-json\/wp\/v2\/posts\/1617","targetHints":{"allow":["GET"]}}],"collection":[{"href":"https:\/\/codemar.net\/podcast\/wp-json\/wp\/v2\/posts"}],"about":[{"href":"https:\/\/codemar.net\/podcast\/wp-json\/wp\/v2\/types\/post"}],"author":[{"embeddable":true,"href":"https:\/\/codemar.net\/podcast\/wp-json\/wp\/v2\/users\/1"}],"replies":[{"embeddable":true,"href":"https:\/\/codemar.net\/podcast\/wp-json\/wp\/v2\/comments?post=1617"}],"version-history":[{"count":2,"href":"https:\/\/codemar.net\/podcast\/wp-json\/wp\/v2\/posts\/1617\/revisions"}],"predecessor-version":[{"id":1619,"href":"https:\/\/codemar.net\/podcast\/wp-json\/wp\/v2\/posts\/1617\/revisions\/1619"}],"wp:featuredmedia":[{"embeddable":true,"href":"https:\/\/codemar.net\/podcast\/wp-json\/wp\/v2\/media\/1620"}],"wp:attachment":[{"href":"https:\/\/codemar.net\/podcast\/wp-json\/wp\/v2\/media?parent=1617"}],"wp:term":[{"taxonomy":"category","embeddable":true,"href":"https:\/\/codemar.net\/podcast\/wp-json\/wp\/v2\/categories?post=1617"},{"taxonomy":"post_tag","embeddable":true,"href":"https:\/\/codemar.net\/podcast\/wp-json\/wp\/v2\/tags?post=1617"},{"taxonomy":"series","embeddable":true,"href":"https:\/\/codemar.net\/podcast\/wp-json\/wp\/v2\/series?post=1617"}],"curies":[{"name":"wp","href":"https:\/\/api.w.org\/{rel}","templated":true}]}}