{"id":1610,"date":"2016-06-02T21:53:02","date_gmt":"2016-06-03T03:53:02","guid":{"rendered":"http:\/\/codemar.net\/podcast\/?p=1610"},"modified":"2016-09-17T22:42:51","modified_gmt":"2016-09-18T04:42:51","slug":"junio-mes-del-sagrado-corazon-de-jesus","status":"publish","type":"post","link":"https:\/\/codemar.net\/podcast\/junio-mes-del-sagrado-corazon-de-jesus\/","title":{"rendered":"Junio: Mes del Sagrado Coraz\u00f3n de Jes\u00fas"},"content":{"rendered":"<h4>Explicaci\u00f3n de la fiesta<\/h4>\n<pre>Fuente: Catholic.net<\/pre>\n<p>La imagen del Sagrado Coraz\u00f3n de Jes\u00fas nos recuerda el n\u00facleo central de nuestra fe: todo lo que Dios nos ama con su Coraz\u00f3n y todo lo que nosotros, por tanto, le debemos amar. Jes\u00fas tiene un Coraz\u00f3n que ama sin medida.<br \/>\nY tanto nos ama, que sufre cuando su inmenso amor no es correspondido.<\/p>\n<p>La Iglesia dedica todo el mes de junio al Sagrado Coraz\u00f3n de Jes\u00fas, con la finalidad de que los cat\u00f3licos lo veneremos, lo honremos y lo imitemos especialmente en estos 30 d\u00edas.<\/p>\n<p>Esto significa que debemos vivir este mes demostr\u00e1ndole a Jes\u00fas con nuestras obras que lo amamos, que correspondemos al gran amor que \u00c9l nos tiene y que nos ha demostrado entreg\u00e1ndose a la muerte por nosotros, qued\u00e1ndose en la Eucarist\u00eda y ense\u00f1\u00e1ndonos el camino a la vida eterna.<br \/>\nTodos los d\u00edas podemos acercarnos a Jes\u00fas o alejarnos de \u00c9l. De nosotros depende, ya que \u00c9l siempre nos est\u00e1 esperando y amando.<\/p>\n<p>Debemos vivir record\u00e1ndolo y pensar cada vez que actuamos: \u00bfQu\u00e9 har\u00eda Jes\u00fas en esta situaci\u00f3n, qu\u00e9 le dictar\u00eda su Coraz\u00f3n? Y eso es lo que debemos hacer (ante un problema en la familia, en el trabajo, en nuestra comunidad, con nuestras amistades, etc.).<br \/>\nDebemos, por tanto, pensar si las obras o acciones que vamos a hacer nos alejan o acercan a Dios.<\/p>\n<p>Tener en casa o en el trabajo una imagen del Sagrado Coraz\u00f3n de Jes\u00fas, nos ayuda a recordar su gran amor y a imitarlo en este mes de junio y durante todo el a\u00f1o.<\/p>\n<h5>Origen de la devoci\u00f3n al Sagrado Coraz\u00f3n de Jes\u00fas<\/h5>\n<p><a href=\"http:\/\/www.es.catholic.net\/op\/articulos\/31878\/margarita-mara-de-alacoque-santa.html\">Santa Margarita Mar\u00eda de Alacoque<\/a>\u00a0era una religiosa de la Orden de la Visitaci\u00f3n. Ten\u00eda un gran amor por Jes\u00fas. Y Jes\u00fas tuvo un amor especial por ella.<\/p>\n<p>Se le apareci\u00f3 en varias ocasiones para decirle lo mucho que la amaba a ella y a todos los hombres y lo mucho que le dol\u00eda a su Coraz\u00f3n que los hombres se alejaran de \u00c9l por el pecado.<br \/>\nDurante estas visitas a su alma, Jes\u00fas le pidi\u00f3 que nos ense\u00f1ara a quererlo m\u00e1s, a tenerle devoci\u00f3n, a rezar y, sobre todo, a tener un buen comportamiento para que su Coraz\u00f3n no sufra m\u00e1s con nuestros pecados.<\/p>\n<p>El pecado nos aleja de Jes\u00fas y esto lo entristece porque \u00c9l quiere que todos lleguemos al Cielo con \u00c9l. Nosotros podemos demostrar nuestro amor al Sagrado Coraz\u00f3n de Jes\u00fas con nuestras obras: en esto precisamente consiste la devoci\u00f3n al Sagrado Coraz\u00f3n de Jes\u00fas.<\/p>\n<h5>Las promesas del Sagrado Coraz\u00f3n de Jes\u00fas<\/h5>\n<p>Jes\u00fas le prometi\u00f3 a Santa Margarita de Alacoque, que si una persona comulga los primeros viernes de mes, durante nueve meses seguidos, le conceder\u00e1 lo siguiente:<\/p>\n<p>1. Les dar\u00e9 todas las gracias necesarias a su estado (casado(a), soltero(a), viudo(a) o consagrado(a) a Dios).<br \/>\n2. Pondr\u00e9 paz en sus familias.<br \/>\n3. Los consolar\u00e9 en todas las aflicciones.<br \/>\n4. Ser\u00e9 su refugio durante la vida y, sobre todo, a la hora de la muerte.<br \/>\n5. Bendecir\u00e9 abundantemente sus empresas.<br \/>\n6. Los pecadores hallar\u00e1n misericordia.<br \/>\n7. Los tibios se har\u00e1n fervorosos.<br \/>\n8. Los fervorosos se elevar\u00e1n r\u00e1pidamente a gran perfecci\u00f3n.<br \/>\n9. Bendecir\u00e9 los lugares donde la imagen de mi Coraz\u00f3n sea expuesta y venerada.<br \/>\n10. Les dar\u00e9 la gracia de mover los corazones m\u00e1s endurecidos.<br \/>\n11. Las personas que propaguen esta devoci\u00f3n tendr\u00e1n su nombre escrito en mi Coraz\u00f3n y jam\u00e1s ser\u00e1 borrado de \u00c9l.<br \/>\n12. La gracia de la penitencia final: es decir, no morir\u00e1n en desgracia y sin haber recibido los Sacramentos.<\/p>\n<h5>Oraci\u00f3n de Consagraci\u00f3n al Sagrado Coraz\u00f3n de Jes\u00fas<\/h5>\n<p>Podemos conseguir una estampa o una figura en donde se vea el Sagrado Coraz\u00f3n de Jes\u00fas y, ante ella, llevar a cabo la consagraci\u00f3n familiar a su Sagrado Coraz\u00f3n, de la siguiente manera:<\/p>\n<p style=\"padding-left: 30px;\"><em>Se\u00f1or Jesucristo, arrodillados a tus pies,<\/em><br \/>\n<em> renovamos alegremente la Consagraci\u00f3n<\/em><br \/>\n<em> de nuestra familia a tu Divino Coraz\u00f3n.<\/em><\/p>\n<p style=\"padding-left: 30px;\"><em>S\u00e9, hoy y siempre, nuestro Gu\u00eda,<\/em><br \/>\n<em> el Jefe protector de nuestro hogar,<\/em><br \/>\n<em> el Rey y Centro de nuestros corazones.<\/em><\/p>\n<p style=\"padding-left: 30px;\"><em>Bendice a nuestra familia, nuestra casa,<\/em><br \/>\n<em> a nuestros vecinos, parientes y amigos.<\/em><\/p>\n<p style=\"padding-left: 30px;\"><em>Ay\u00fadanos a cumplir fielmente nuestros deberes,<\/em><br \/>\n<em> y participa de nuestras alegr\u00edas y angustias,<\/em><br \/>\n<em> de nuestras esperanzas y dudas,<\/em><br \/>\n<em> de nuestro trabajo y de nuestras diversiones.<\/em><\/p>\n<p style=\"padding-left: 30px;\"><em>Danos fuerza, Se\u00f1or,<\/em><br \/>\n<em> para que carguemos nuestra cruz de cada d\u00eda<\/em><br \/>\n<em> y sepamos ofrecer todos nuestros actos,<\/em><br \/>\n<em> junto con tu sacrificio, al Padre.<\/em><\/p>\n<p style=\"padding-left: 30px;\"><em>Que la justicia, la fraternidad,<\/em><br \/>\n<em> el perd\u00f3n y la misericordia<\/em><br \/>\n<em> est\u00e9n presentes en nuestro hogar<\/em><br \/>\n<em> y en nuestras comunidades.<\/em><\/p>\n<p style=\"padding-left: 30px;\"><em>Queremos ser instrumentos de paz y de vida.<\/em><br \/>\n<em> Que nuestro amor a tu Coraz\u00f3n compense,<\/em><br \/>\n<em> de alguna manera, la frialdad y la indiferencia,<\/em><br \/>\n<em> la ingratitud y la falta de amor<\/em><br \/>\n<em> de quienes no te conocen, te desprecian o rechazan.<\/em><\/p>\n<p style=\"padding-left: 30px;\"><em>Sagrado Coraz\u00f3n de Jes\u00fas, tenemos confianza en Ti.<\/em><br \/>\n<em> Confianza profunda, ilimitada.<\/em><\/p>\n<h5>Sugerencias para vivir la fiesta<\/h5>\n<p>Poner una estampa del Sagrado Coraz\u00f3n de Jes\u00fas, alg\u00fan pensamiento y la oraci\u00f3n para la Consagraci\u00f3n al Sagrado Coraz\u00f3n de Jes\u00fas.<\/p>\n<p>Hacer una oraci\u00f3n en la que todos pidamos por tener un coraz\u00f3n como el de Cristo.<\/p>\n<p>Leer en el Evangelio pasajes en los que se podamos observar la actitud de Jes\u00fas como fruto de su Coraz\u00f3n.<\/p>\n","protected":false},"excerpt":{"rendered":"<p>Explicaci\u00f3n de la fiesta Fuente: Catholic.net La imagen del Sagrado Coraz\u00f3n de Jes\u00fas nos recuerda el n\u00facleo central de nuestra fe: todo<span class=\"more-button\"><a href=\"https:\/\/codemar.net\/podcast\/junio-mes-del-sagrado-corazon-de-jesus\/\" class=\"more-link\">Continuar lectura<span class=\"screen-reader-text\">Junio: Mes del Sagrado Coraz\u00f3n de Jes\u00fas<\/span><\/a><\/span><\/p>\n","protected":false},"author":1,"featured_media":1613,"comment_status":"open","ping_status":"open","sticky":false,"template":"","format":"standard","meta":{"episode_type":"","audio_file":"","podmotor_file_id":"","podmotor_episode_id":"","cover_image":"","cover_image_id":"","duration":"","filesize":"","filesize_raw":"","date_recorded":"","explicit":"","block":"","itunes_episode_number":"","itunes_title":"","itunes_season_number":"","itunes_episode_type":"","jetpack_post_was_ever_published":false,"_jetpack_newsletter_access":"","_jetpack_dont_email_post_to_subs":false,"_jetpack_newsletter_tier_id":0,"_jetpack_memberships_contains_paywalled_content":false,"_jetpack_memberships_contains_paid_content":false,"footnotes":"","jetpack_publicize_message":"","jetpack_publicize_feature_enabled":true,"jetpack_social_post_already_shared":false,"jetpack_social_options":{"image_generator_settings":{"template":"highway","default_image_id":0,"font":"","enabled":false},"version":2}},"categories":[26],"tags":[],"series":[],"class_list":["post-1610","post","type-post","status-publish","format-standard","has-post-thumbnail","hentry","category-tradicion-catolica"],"episode_featured_image":"https:\/\/codemar.net\/podcast\/wp-content\/uploads\/2016\/06\/sagrado_corazon-e1464925950332.jpg","episode_player_image":"https:\/\/i0.wp.com\/codemar.net\/podcast\/wp-content\/uploads\/2023\/04\/Evangelios-podcast-high-scaled.jpg?fit=2560%2C2560&ssl=1","download_link":"","player_link":"","audio_player":false,"episode_data":{"playerMode":"dark","subscribeUrls":{"apple_podcasts":{"key":"apple_podcasts","url":"https:\/\/podcasts.apple.com\/us\/podcast\/evangelio-diario\/id1485268840","label":"Apple Podcasts","class":"apple_podcasts","icon":"apple-podcasts.png"},"google_podcasts":{"key":"google_podcasts","url":"https:\/\/podcasts.google.com\/feed\/aHR0cHM6Ly9jb2RlbWFyLm5ldC9wb2RjYXN0L2ZlZWQvcG9kY2FzdA?sa=X&ved=0CAMQ9sEGahgKEwiA8KP5_6z-AhUAAAAAHQAAAAAQ4AE","label":"Google Podcasts","class":"google_podcasts","icon":"google-podcasts.png"},"spotify":{"key":"spotify","url":"https:\/\/open.spotify.com\/show\/1Q3Se9DdIlpbuLPkkftN9w","label":"Spotify","class":"spotify","icon":"spotify.png"}},"rssFeedUrl":"https:\/\/codemar.net\/podcast\/feed\/podcast\/default-podcast","embedCode":"<blockquote class=\"wp-embedded-content\" data-secret=\"gLLftGcZU1\"><a href=\"https:\/\/codemar.net\/podcast\/junio-mes-del-sagrado-corazon-de-jesus\/\">Junio: Mes del Sagrado Coraz\u00f3n de Jes\u00fas<\/a><\/blockquote><iframe sandbox=\"allow-scripts\" security=\"restricted\" src=\"https:\/\/codemar.net\/podcast\/junio-mes-del-sagrado-corazon-de-jesus\/embed\/#?secret=gLLftGcZU1\" width=\"500\" height=\"350\" title=\"&#8220;Junio: Mes del Sagrado Coraz\u00f3n de Jes\u00fas&#8221; &#8212; Centro Cultural Coraz\u00f3n de Mar\u00eda\" data-secret=\"gLLftGcZU1\" frameborder=\"0\" marginwidth=\"0\" marginheight=\"0\" scrolling=\"no\" class=\"wp-embedded-content\"><\/iframe><script type=\"text\/javascript\">\n\/* <![CDATA[ *\/\n\/*! This file is auto-generated *\/\n!function(d,l){\"use strict\";l.querySelector&&d.addEventListener&&\"undefined\"!=typeof URL&&(d.wp=d.wp||{},d.wp.receiveEmbedMessage||(d.wp.receiveEmbedMessage=function(e){var t=e.data;if((t||t.secret||t.message||t.value)&&!\/[^a-zA-Z0-9]\/.test(t.secret)){for(var s,r,n,a=l.querySelectorAll('iframe[data-secret=\"'+t.secret+'\"]'),o=l.querySelectorAll('blockquote[data-secret=\"'+t.secret+'\"]'),c=new RegExp(\"^https?:$\",\"i\"),i=0;i<o.length;i++)o[i].style.display=\"none\";for(i=0;i<a.length;i++)s=a[i],e.source===s.contentWindow&&(s.removeAttribute(\"style\"),\"height\"===t.message?(1e3<(r=parseInt(t.value,10))?r=1e3:~~r<200&&(r=200),s.height=r):\"link\"===t.message&&(r=new URL(s.getAttribute(\"src\")),n=new URL(t.value),c.test(n.protocol))&&n.host===r.host&&l.activeElement===s&&(d.top.location.href=t.value))}},d.addEventListener(\"message\",d.wp.receiveEmbedMessage,!1),l.addEventListener(\"DOMContentLoaded\",function(){for(var e,t,s=l.querySelectorAll(\"iframe.wp-embedded-content\"),r=0;r<s.length;r++)(t=(e=s[r]).getAttribute(\"data-secret\"))||(t=Math.random().toString(36).substring(2,12),e.src+=\"#?secret=\"+t,e.setAttribute(\"data-secret\",t)),e.contentWindow.postMessage({message:\"ready\",secret:t},\"*\")},!1)))}(window,document);\n\/\/# sourceURL=https:\/\/codemar.net\/podcast\/wp-includes\/js\/wp-embed.min.js\n\/* ]]> *\/\n<\/script>\n"},"jetpack_publicize_connections":[],"jetpack_featured_media_url":"https:\/\/i0.wp.com\/codemar.net\/podcast\/wp-content\/uploads\/2016\/06\/sagrado_corazon-e1464925950332.jpg?fit=640%2C366&ssl=1","jetpack_shortlink":"https:\/\/wp.me\/p4bNxE-pY","jetpack_sharing_enabled":true,"_links":{"self":[{"href":"https:\/\/codemar.net\/podcast\/wp-json\/wp\/v2\/posts\/1610","targetHints":{"allow":["GET"]}}],"collection":[{"href":"https:\/\/codemar.net\/podcast\/wp-json\/wp\/v2\/posts"}],"about":[{"href":"https:\/\/codemar.net\/podcast\/wp-json\/wp\/v2\/types\/post"}],"author":[{"embeddable":true,"href":"https:\/\/codemar.net\/podcast\/wp-json\/wp\/v2\/users\/1"}],"replies":[{"embeddable":true,"href":"https:\/\/codemar.net\/podcast\/wp-json\/wp\/v2\/comments?post=1610"}],"version-history":[{"count":4,"href":"https:\/\/codemar.net\/podcast\/wp-json\/wp\/v2\/posts\/1610\/revisions"}],"predecessor-version":[{"id":1615,"href":"https:\/\/codemar.net\/podcast\/wp-json\/wp\/v2\/posts\/1610\/revisions\/1615"}],"wp:featuredmedia":[{"embeddable":true,"href":"https:\/\/codemar.net\/podcast\/wp-json\/wp\/v2\/media\/1613"}],"wp:attachment":[{"href":"https:\/\/codemar.net\/podcast\/wp-json\/wp\/v2\/media?parent=1610"}],"wp:term":[{"taxonomy":"category","embeddable":true,"href":"https:\/\/codemar.net\/podcast\/wp-json\/wp\/v2\/categories?post=1610"},{"taxonomy":"post_tag","embeddable":true,"href":"https:\/\/codemar.net\/podcast\/wp-json\/wp\/v2\/tags?post=1610"},{"taxonomy":"series","embeddable":true,"href":"https:\/\/codemar.net\/podcast\/wp-json\/wp\/v2\/series?post=1610"}],"curies":[{"name":"wp","href":"https:\/\/api.w.org\/{rel}","templated":true}]}}