{"id":1427,"date":"2016-05-05T08:41:52","date_gmt":"2016-05-05T14:41:52","guid":{"rendered":"http:\/\/codemar.net\/podcast\/?p=1427"},"modified":"2016-05-05T09:36:46","modified_gmt":"2016-05-05T15:36:46","slug":"mayo-es-el-mes-de-maria-por-que","status":"publish","type":"post","link":"https:\/\/codemar.net\/podcast\/mayo-es-el-mes-de-maria-por-que\/","title":{"rendered":"Mayo es el mes de Mar\u00eda, por qu\u00e9?"},"content":{"rendered":"<h4>\u00bfPor qu\u00e9 mayo es el mes de Mar\u00eda?<\/h4>\n<pre>Fuente: aciprensa.com<\/pre>\n<p>Durante siglos la Iglesia Cat\u00f3lica ha dedicado todo el mes de mayo para honrar a la Virgen Mar\u00eda, la Madre de Dios. Aqu\u00ed te explicamos por qu\u00e9.<\/p>\n<p>La costumbre naci\u00f3 en la antigua Grecia. El mes mayo era dedicado a Artemisa, la diosa de la fecundidad. Algo similar suced\u00eda en la antigua Roma pues mayo era dedicado a Flora, la diosa de la vegetaci\u00f3n. En aquella \u00e9poca celebraban los ludi florals o los juegos florales a finales de abril y ped\u00edan su intercesi\u00f3n.<\/p>\n<p>En la \u00e9poca medieval abundaron costumbres similares, todo centrado en la llegada del buen tiempo y el alejamiento del invierno. El 1 de mayo era considerado como el apogeo de la primavera.<\/p>\n<p>Durante este per\u00edodo, antes del siglo XII (doce), entr\u00f3 en vigor la tradici\u00f3n de Tricesimum o &#8220;La devoci\u00f3n de treinta d\u00edas a Mar\u00eda&#8221;. Estas celebraciones se llevaban a cabo del 15 de agosto al 14 de septiembre y todav\u00eda puede observarse en algunas \u00e1reas.<\/p>\n<p>La idea de un mes dedicado espec\u00edficamente a Mar\u00eda se remonta a los tiempos barrocos &#8211; siglo XVII (diecisiete)-. A pesar de que no siempre se llev\u00f3 a cabo en mayo, el mes de Mar\u00eda inclu\u00eda treinta ejercicios espirituales diarios en honor a la Madre de Dios.<\/p>\n<p>Fue en esta \u00e9poca que el mes de mayo y de Mar\u00eda se combinaron, haciendo que esta celebraci\u00f3n cuente con devociones especiales organizadas cada d\u00eda durante todo el mes. Esta costumbre se extendi\u00f3 sobre todo durante el siglo XIX (diecinueve) y se practica hasta hoy.<\/p>\n<p>Las formas en que Mar\u00eda es honrada en mayo son tan variadas como las personas que la honran.<\/p>\n<p>Es com\u00fan que las parroquias tengan en mayo un rezo diario del Rosario y muchas erijan un altar especial con una estatua o imagen de Mar\u00eda. Adem\u00e1s, se trata de una larga tradici\u00f3n el coronar su estatua, una costumbre conocida como Coronaci\u00f3n de Mayo.<\/p>\n<p>A menudo, la corona est\u00e1 hecha de hermosas flores que representan la belleza y la virtud de Mar\u00eda, y tambi\u00e9n es un recordatorio a los fieles para esforzarse en imitar sus virtudes. Esta coronaci\u00f3n es en algunas \u00e1reas una gran celebraci\u00f3n, y por lo general, se lleva a cabo fuera de la Misa.<\/p>\n<p>Sin embargo, los altares y coronaciones en este mes no son solo cosas &#8220;de la parroquia&#8221;. Podemos y debemos hacer lo mismo en nuestros hogares para participar m\u00e1s plenamente en la vida de la Iglesia.<\/p>\n<p>Debemos darle un lugar especial a Mar\u00eda no porque sea una tradici\u00f3n de larga data en la Iglesia o por las gracias especiales que se pueden obtener, sino porque Mar\u00eda es nuestra Madre, la madre de todo el mundo y porque se preocupa por todos nosotros, intercediendo incluso en los asuntos m\u00e1s peque\u00f1os.<\/p>\n<p>Por eso se merece todo un mes en su honor.<\/p>\n","protected":false},"excerpt":{"rendered":"<p>\u00bfPor qu\u00e9 mayo es el mes de Mar\u00eda? Fuente: aciprensa.com Durante siglos la Iglesia Cat\u00f3lica ha dedicado todo el mes de mayo<span class=\"more-button\"><a href=\"https:\/\/codemar.net\/podcast\/mayo-es-el-mes-de-maria-por-que\/\" class=\"more-link\">Continuar lectura<span class=\"screen-reader-text\">Mayo es el mes de Mar\u00eda, por qu\u00e9?<\/span><\/a><\/span><\/p>\n","protected":false},"author":1,"featured_media":1429,"comment_status":"open","ping_status":"open","sticky":false,"template":"","format":"standard","meta":{"episode_type":"","audio_file":"","podmotor_file_id":"","podmotor_episode_id":"","cover_image":"","cover_image_id":"","duration":"","filesize":"","filesize_raw":"","date_recorded":"","explicit":"","block":"","itunes_episode_number":"","itunes_title":"","itunes_season_number":"","itunes_episode_type":"","jetpack_post_was_ever_published":false,"_jetpack_newsletter_access":"","_jetpack_dont_email_post_to_subs":false,"_jetpack_newsletter_tier_id":0,"_jetpack_memberships_contains_paywalled_content":false,"_jetpack_memberships_contains_paid_content":false,"footnotes":"","jetpack_publicize_message":"","jetpack_publicize_feature_enabled":true,"jetpack_social_post_already_shared":false,"jetpack_social_options":{"image_generator_settings":{"template":"highway","default_image_id":0,"font":"","enabled":false},"version":2}},"categories":[21],"tags":[18],"series":[],"class_list":["post-1427","post","type-post","status-publish","format-standard","has-post-thumbnail","hentry","category-maria","tag-slider"],"episode_featured_image":"https:\/\/codemar.net\/podcast\/wp-content\/uploads\/2016\/05\/Virgen-maria-e1462459277358.jpg","episode_player_image":"https:\/\/i0.wp.com\/codemar.net\/podcast\/wp-content\/uploads\/2023\/04\/Evangelios-podcast-high-scaled.jpg?fit=2560%2C2560&ssl=1","download_link":"","player_link":"","audio_player":false,"episode_data":{"playerMode":"dark","subscribeUrls":{"apple_podcasts":{"key":"apple_podcasts","url":"https:\/\/podcasts.apple.com\/us\/podcast\/evangelio-diario\/id1485268840","label":"Apple Podcasts","class":"apple_podcasts","icon":"apple-podcasts.png"},"google_podcasts":{"key":"google_podcasts","url":"https:\/\/podcasts.google.com\/feed\/aHR0cHM6Ly9jb2RlbWFyLm5ldC9wb2RjYXN0L2ZlZWQvcG9kY2FzdA?sa=X&ved=0CAMQ9sEGahgKEwiA8KP5_6z-AhUAAAAAHQAAAAAQ4AE","label":"Google Podcasts","class":"google_podcasts","icon":"google-podcasts.png"},"spotify":{"key":"spotify","url":"https:\/\/open.spotify.com\/show\/1Q3Se9DdIlpbuLPkkftN9w","label":"Spotify","class":"spotify","icon":"spotify.png"}},"rssFeedUrl":"https:\/\/codemar.net\/podcast\/feed\/podcast\/default-podcast","embedCode":"<blockquote class=\"wp-embedded-content\" data-secret=\"zz8Q9FUFq3\"><a href=\"https:\/\/codemar.net\/podcast\/mayo-es-el-mes-de-maria-por-que\/\">Mayo es el mes de Mar\u00eda, por qu\u00e9?<\/a><\/blockquote><iframe sandbox=\"allow-scripts\" security=\"restricted\" src=\"https:\/\/codemar.net\/podcast\/mayo-es-el-mes-de-maria-por-que\/embed\/#?secret=zz8Q9FUFq3\" width=\"500\" height=\"350\" title=\"&#8220;Mayo es el mes de Mar\u00eda, por qu\u00e9?&#8221; &#8212; Centro Cultural Coraz\u00f3n de Mar\u00eda\" data-secret=\"zz8Q9FUFq3\" frameborder=\"0\" marginwidth=\"0\" marginheight=\"0\" scrolling=\"no\" class=\"wp-embedded-content\"><\/iframe><script type=\"text\/javascript\">\n\/* <![CDATA[ *\/\n\/*! This file is auto-generated *\/\n!function(d,l){\"use strict\";l.querySelector&&d.addEventListener&&\"undefined\"!=typeof URL&&(d.wp=d.wp||{},d.wp.receiveEmbedMessage||(d.wp.receiveEmbedMessage=function(e){var t=e.data;if((t||t.secret||t.message||t.value)&&!\/[^a-zA-Z0-9]\/.test(t.secret)){for(var s,r,n,a=l.querySelectorAll('iframe[data-secret=\"'+t.secret+'\"]'),o=l.querySelectorAll('blockquote[data-secret=\"'+t.secret+'\"]'),c=new RegExp(\"^https?:$\",\"i\"),i=0;i<o.length;i++)o[i].style.display=\"none\";for(i=0;i<a.length;i++)s=a[i],e.source===s.contentWindow&&(s.removeAttribute(\"style\"),\"height\"===t.message?(1e3<(r=parseInt(t.value,10))?r=1e3:~~r<200&&(r=200),s.height=r):\"link\"===t.message&&(r=new URL(s.getAttribute(\"src\")),n=new URL(t.value),c.test(n.protocol))&&n.host===r.host&&l.activeElement===s&&(d.top.location.href=t.value))}},d.addEventListener(\"message\",d.wp.receiveEmbedMessage,!1),l.addEventListener(\"DOMContentLoaded\",function(){for(var e,t,s=l.querySelectorAll(\"iframe.wp-embedded-content\"),r=0;r<s.length;r++)(t=(e=s[r]).getAttribute(\"data-secret\"))||(t=Math.random().toString(36).substring(2,12),e.src+=\"#?secret=\"+t,e.setAttribute(\"data-secret\",t)),e.contentWindow.postMessage({message:\"ready\",secret:t},\"*\")},!1)))}(window,document);\n\/\/# sourceURL=https:\/\/codemar.net\/podcast\/wp-includes\/js\/wp-embed.min.js\n\/* ]]> *\/\n<\/script>\n"},"jetpack_publicize_connections":[],"jetpack_featured_media_url":"https:\/\/i0.wp.com\/codemar.net\/podcast\/wp-content\/uploads\/2016\/05\/Virgen-maria-e1462459277358.jpg?fit=639%2C365&ssl=1","jetpack_shortlink":"https:\/\/wp.me\/p4bNxE-n1","jetpack_sharing_enabled":true,"_links":{"self":[{"href":"https:\/\/codemar.net\/podcast\/wp-json\/wp\/v2\/posts\/1427","targetHints":{"allow":["GET"]}}],"collection":[{"href":"https:\/\/codemar.net\/podcast\/wp-json\/wp\/v2\/posts"}],"about":[{"href":"https:\/\/codemar.net\/podcast\/wp-json\/wp\/v2\/types\/post"}],"author":[{"embeddable":true,"href":"https:\/\/codemar.net\/podcast\/wp-json\/wp\/v2\/users\/1"}],"replies":[{"embeddable":true,"href":"https:\/\/codemar.net\/podcast\/wp-json\/wp\/v2\/comments?post=1427"}],"version-history":[{"count":5,"href":"https:\/\/codemar.net\/podcast\/wp-json\/wp\/v2\/posts\/1427\/revisions"}],"predecessor-version":[{"id":1433,"href":"https:\/\/codemar.net\/podcast\/wp-json\/wp\/v2\/posts\/1427\/revisions\/1433"}],"wp:featuredmedia":[{"embeddable":true,"href":"https:\/\/codemar.net\/podcast\/wp-json\/wp\/v2\/media\/1429"}],"wp:attachment":[{"href":"https:\/\/codemar.net\/podcast\/wp-json\/wp\/v2\/media?parent=1427"}],"wp:term":[{"taxonomy":"category","embeddable":true,"href":"https:\/\/codemar.net\/podcast\/wp-json\/wp\/v2\/categories?post=1427"},{"taxonomy":"post_tag","embeddable":true,"href":"https:\/\/codemar.net\/podcast\/wp-json\/wp\/v2\/tags?post=1427"},{"taxonomy":"series","embeddable":true,"href":"https:\/\/codemar.net\/podcast\/wp-json\/wp\/v2\/series?post=1427"}],"curies":[{"name":"wp","href":"https:\/\/api.w.org\/{rel}","templated":true}]}}