{"id":1154,"date":"2016-01-24T20:18:57","date_gmt":"2016-01-25T02:18:57","guid":{"rendered":"http:\/\/codemar.net\/podcast\/?p=1154"},"modified":"2016-02-22T20:19:10","modified_gmt":"2016-02-23T02:19:10","slug":"3o-domingo-ordinario-3","status":"publish","type":"post","link":"https:\/\/codemar.net\/podcast\/3o-domingo-ordinario-3\/","title":{"rendered":"3\u00ba Domingo Ordinario"},"content":{"rendered":"<p><audio class=\"wp-audio-shortcode\" id=\"audio-1154-1\" autoplay preload=\"none\" style=\"width: 100%;\" controls=\"controls\"><source type=\"audio\/ogg\" src=\"http:\/\/codemar.net\/podcast\/wp-content\/uploads\/2016\/02\/C12-3er-Domingo-Ordinario.ogg?_=1\" \/><source type=\"audio\/mpeg\" src=\"http:\/\/codemar.net\/liturgico\/media\/2016-02-22_c12-3er_domingo_ordinario.m4a?_=1\" \/><a href=\"http:\/\/codemar.net\/podcast\/wp-content\/uploads\/2016\/02\/C12-3er-Domingo-Ordinario.ogg\">http:\/\/codemar.net\/podcast\/wp-content\/uploads\/2016\/02\/C12-3er-Domingo-Ordinario.ogg<\/a><\/audio><br \/>\n<strong>Del Evangelio seg\u00fan San Lucas 1,1-4.4,14-21<\/strong><\/p>\n<p>Muchos han tratado de relatar ordenadamente los acontecimientos que se cumplieron entre nosotros,<br \/>\ntal como nos fueron transmitidos por aquellos que han sido desde el comienzo testigos oculares y servidores de la Palabra.<br \/>\nPor eso, despu\u00e9s de informarme cuidadosamente de todo desde los or\u00edgenes, yo tambi\u00e9n he decidido escribir para ti, excelent\u00edsimo Te\u00f3filo, un relato ordenado,<br \/>\na fin de que conozcas bien la solidez de las ense\u00f1anzas que has recibido.<br \/>\nJes\u00fas volvi\u00f3 a Galilea con el poder el Esp\u00edritu y su fama se extendi\u00f3 en toda la regi\u00f3n.<br \/>\nEnse\u00f1aba en las sinagogas y todos lo alababan.<br \/>\nJes\u00fas fue a Nazaret, donde se hab\u00eda criado; el s\u00e1bado entr\u00f3 como de costumbre en la sinagoga y se levant\u00f3 para hacer la lectura.<br \/>\nLe presentaron el libro del profeta Isa\u00edas y, abri\u00e9ndolo, encontr\u00f3 el pasaje donde estaba escrito:<br \/>\nEl Esp\u00edritu del Se\u00f1or est\u00e1 sobre m\u00ed, porque me ha consagrado por la unci\u00f3n. El me envi\u00f3 a llevar la Buena Noticia a los pobres, a anunciar la liberaci\u00f3n a los cautivos y la vista a los ciegos, a dar la libertad a los oprimidos<br \/>\ny proclamar un a\u00f1o de gracia del Se\u00f1or.<br \/>\nJes\u00fas cerr\u00f3 el Libro, lo devolvi\u00f3 al ayudante y se sent\u00f3. Todos en la sinagoga ten\u00edan los ojos fijos en \u00e9l.<br \/>\nEntonces comenz\u00f3 a decirles: &#8220;Hoy se ha cumplido este pasaje de la Escritura que acaban de o\u00edr&#8221;. <\/p>\n<p>Palabra del Se\u00f1or.<\/p>\n","protected":false},"excerpt":{"rendered":"<p>Del Evangelio seg\u00fan San Lucas 1,1-4.4,14-21 Muchos han tratado de relatar ordenadamente los acontecimientos que se cumplieron entre nosotros, tal como nos<span class=\"more-button\"><a href=\"https:\/\/codemar.net\/podcast\/3o-domingo-ordinario-3\/\" class=\"more-link\">Continuar lectura<span class=\"screen-reader-text\">3\u00ba Domingo Ordinario<\/span><\/a><\/span><\/p>\n","protected":false},"author":1,"featured_media":1155,"comment_status":"open","ping_status":"open","sticky":false,"template":"","format":"standard","meta":{"episode_type":"","audio_file":"http:\/\/codemar.net\/liturgico\/media\/2016-02-22_c12-3er_domingo_ordinario.m4a\r\n6034893\r\naudio\/mpeg\r\n","podmotor_file_id":"","podmotor_episode_id":"","cover_image":"","cover_image_id":"","duration":"","filesize":"","filesize_raw":"","date_recorded":"","explicit":"","block":"","itunes_episode_number":"","itunes_title":"","itunes_season_number":"","itunes_episode_type":"","jetpack_post_was_ever_published":false,"_jetpack_newsletter_access":"","_jetpack_dont_email_post_to_subs":false,"_jetpack_newsletter_tier_id":0,"_jetpack_memberships_contains_paywalled_content":false,"_jetpack_memberships_contains_paid_content":false,"footnotes":"","jetpack_publicize_message":"","jetpack_publicize_feature_enabled":true,"jetpack_social_post_already_shared":false,"jetpack_social_options":{"image_generator_settings":{"template":"highway","default_image_id":0,"font":"","enabled":false},"version":2}},"categories":[1],"tags":[],"series":[84],"class_list":["post-1154","post","type-post","status-publish","format-standard","has-post-thumbnail","hentry","category-dominical","series-default-podcast"],"episode_featured_image":"https:\/\/codemar.net\/podcast\/wp-content\/uploads\/2016\/02\/Jesus-na-Sinagoga-de-Nazare\u0301-foto-do-filme.jpg","episode_player_image":"https:\/\/i0.wp.com\/codemar.net\/podcast\/wp-content\/uploads\/2023\/04\/Evangelios-podcast-high-scaled.jpg?fit=2560%2C2560&ssl=1","download_link":"https:\/\/codemar.net\/podcast\/podcast-download\/1154\/3o-domingo-ordinario-3.mp3","player_link":"https:\/\/codemar.net\/podcast\/podcast-player\/1154\/3o-domingo-ordinario-3.mp3","audio_player":null,"episode_data":{"playerMode":"dark","subscribeUrls":{"apple_podcasts":{"key":"apple_podcasts","url":"https:\/\/podcasts.apple.com\/us\/podcast\/evangelio-diario\/id1485268840","label":"Apple Podcasts","class":"apple_podcasts","icon":"apple-podcasts.png"},"google_podcasts":{"key":"google_podcasts","url":"https:\/\/podcasts.google.com\/feed\/aHR0cHM6Ly9jb2RlbWFyLm5ldC9wb2RjYXN0L2ZlZWQvcG9kY2FzdA?sa=X&ved=0CAMQ9sEGahgKEwiA8KP5_6z-AhUAAAAAHQAAAAAQ4AE","label":"Google Podcasts","class":"google_podcasts","icon":"google-podcasts.png"},"spotify":{"key":"spotify","url":"https:\/\/open.spotify.com\/show\/1Q3Se9DdIlpbuLPkkftN9w","label":"Spotify","class":"spotify","icon":"spotify.png"}},"rssFeedUrl":"https:\/\/codemar.net\/podcast\/feed\/podcast\/default-podcast","embedCode":"<blockquote class=\"wp-embedded-content\" data-secret=\"bjWM3ezB3E\"><a href=\"https:\/\/codemar.net\/podcast\/3o-domingo-ordinario-3\/\">3\u00ba Domingo Ordinario<\/a><\/blockquote><iframe sandbox=\"allow-scripts\" security=\"restricted\" src=\"https:\/\/codemar.net\/podcast\/3o-domingo-ordinario-3\/embed\/#?secret=bjWM3ezB3E\" width=\"500\" height=\"350\" title=\"&#8220;3\u00ba Domingo Ordinario&#8221; &#8212; Centro Cultural Coraz\u00f3n de Mar\u00eda\" data-secret=\"bjWM3ezB3E\" frameborder=\"0\" marginwidth=\"0\" marginheight=\"0\" scrolling=\"no\" class=\"wp-embedded-content\"><\/iframe><script type=\"text\/javascript\">\n\/* <![CDATA[ *\/\n\/*! This file is auto-generated *\/\n!function(d,l){\"use strict\";l.querySelector&&d.addEventListener&&\"undefined\"!=typeof URL&&(d.wp=d.wp||{},d.wp.receiveEmbedMessage||(d.wp.receiveEmbedMessage=function(e){var t=e.data;if((t||t.secret||t.message||t.value)&&!\/[^a-zA-Z0-9]\/.test(t.secret)){for(var s,r,n,a=l.querySelectorAll('iframe[data-secret=\"'+t.secret+'\"]'),o=l.querySelectorAll('blockquote[data-secret=\"'+t.secret+'\"]'),c=new RegExp(\"^https?:$\",\"i\"),i=0;i<o.length;i++)o[i].style.display=\"none\";for(i=0;i<a.length;i++)s=a[i],e.source===s.contentWindow&&(s.removeAttribute(\"style\"),\"height\"===t.message?(1e3<(r=parseInt(t.value,10))?r=1e3:~~r<200&&(r=200),s.height=r):\"link\"===t.message&&(r=new URL(s.getAttribute(\"src\")),n=new URL(t.value),c.test(n.protocol))&&n.host===r.host&&l.activeElement===s&&(d.top.location.href=t.value))}},d.addEventListener(\"message\",d.wp.receiveEmbedMessage,!1),l.addEventListener(\"DOMContentLoaded\",function(){for(var e,t,s=l.querySelectorAll(\"iframe.wp-embedded-content\"),r=0;r<s.length;r++)(t=(e=s[r]).getAttribute(\"data-secret\"))||(t=Math.random().toString(36).substring(2,12),e.src+=\"#?secret=\"+t,e.setAttribute(\"data-secret\",t)),e.contentWindow.postMessage({message:\"ready\",secret:t},\"*\")},!1)))}(window,document);\n\/\/# sourceURL=https:\/\/codemar.net\/podcast\/wp-includes\/js\/wp-embed.min.js\n\/* ]]> *\/\n<\/script>\n"},"jetpack_publicize_connections":[],"jetpack_featured_media_url":"https:\/\/i0.wp.com\/codemar.net\/podcast\/wp-content\/uploads\/2016\/02\/Jesus-na-Sinagoga-de-Nazare%CC%81-foto-do-filme.jpg?fit=768%2C470&ssl=1","jetpack_shortlink":"https:\/\/wp.me\/p4bNxE-iC","jetpack_sharing_enabled":true,"_links":{"self":[{"href":"https:\/\/codemar.net\/podcast\/wp-json\/wp\/v2\/posts\/1154","targetHints":{"allow":["GET"]}}],"collection":[{"href":"https:\/\/codemar.net\/podcast\/wp-json\/wp\/v2\/posts"}],"about":[{"href":"https:\/\/codemar.net\/podcast\/wp-json\/wp\/v2\/types\/post"}],"author":[{"embeddable":true,"href":"https:\/\/codemar.net\/podcast\/wp-json\/wp\/v2\/users\/1"}],"replies":[{"embeddable":true,"href":"https:\/\/codemar.net\/podcast\/wp-json\/wp\/v2\/comments?post=1154"}],"version-history":[{"count":1,"href":"https:\/\/codemar.net\/podcast\/wp-json\/wp\/v2\/posts\/1154\/revisions"}],"predecessor-version":[{"id":1156,"href":"https:\/\/codemar.net\/podcast\/wp-json\/wp\/v2\/posts\/1154\/revisions\/1156"}],"wp:featuredmedia":[{"embeddable":true,"href":"https:\/\/codemar.net\/podcast\/wp-json\/wp\/v2\/media\/1155"}],"wp:attachment":[{"href":"https:\/\/codemar.net\/podcast\/wp-json\/wp\/v2\/media?parent=1154"}],"wp:term":[{"taxonomy":"category","embeddable":true,"href":"https:\/\/codemar.net\/podcast\/wp-json\/wp\/v2\/categories?post=1154"},{"taxonomy":"post_tag","embeddable":true,"href":"https:\/\/codemar.net\/podcast\/wp-json\/wp\/v2\/tags?post=1154"},{"taxonomy":"series","embeddable":true,"href":"https:\/\/codemar.net\/podcast\/wp-json\/wp\/v2\/series?post=1154"}],"curies":[{"name":"wp","href":"https:\/\/api.w.org\/{rel}","templated":true}]}}